{"id":4728,"date":"2022-08-31T10:47:22","date_gmt":"2022-08-31T08:47:22","guid":{"rendered":"http:\/\/ewig.es\/?p=4728"},"modified":"2022-08-31T10:47:22","modified_gmt":"2022-08-31T08:47:22","slug":"am-abend-regnete-es","status":"publish","type":"post","link":"http:\/\/ewig.es\/index.php\/2022\/08\/31\/am-abend-regnete-es\/","title":{"rendered":"Am Abend regnete es,"},"content":{"rendered":"\n<p class=\"wp-block-paragraph\">und heute machte ich eine Fuhre bestes Buchenholz, aber nun ist dieser Baum &#8222;abgenagt&#8220;. F\u00fcr den Rest des Stammes ist mein Fuchsschwanz zu kurz. \ud83d\ude42<\/p>\n\n\n\n<p class=\"wp-block-paragraph\">Am Morgen hatte es Nebel, aber war sehr mild. Nun einen Kaffee, dann breche ich wieder in den Wald auf.<\/p>\n\n\n\n<p class=\"wp-block-paragraph\">Mit dem Stahlanh\u00e4nger, der etwas stabiler ist, funktioniert das ganz gut. Habe ich frisches Holz geladen, wie das der Buche, schiebt der H\u00e4nger bergab gerne ruckartig. Ich muss aufpassen, dass er mich nicht quer schiebt und langsam fahren.<\/p>\n\n\n\n<p class=\"wp-block-paragraph\">Ich k\u00f6nnte auch das Edge nehmen, das hat Scheibenbremsen und eine noch k\u00fcrzere \u00dcbersetzung in den kleineren G\u00e4ngen, aber mit dem kleinen MuddyFox geht das auch sehr gut. <\/p>\n\n\n\n<p class=\"wp-block-paragraph\">Das hatte ich letzten Sommer f\u00fcr 200 Euro bei Dijon gekauft, das Tretlager und einige Seilz\u00fcge erneuert. Der H\u00e4nger kostete 40 Euro. Die S\u00e4ge 35 Euro. So kostete das ganze Gespann inklusive Ersatzteile und S\u00e4ge etwa 300 Euro.<\/p>\n\n\n\n<p class=\"wp-block-paragraph\">Und mit dieser gewaltigen Investition kann ich nun auch schwerere Dinge transportieren, als Alternative zu einem s\u00fcndhaft teuren Lastenbike. \ud83d\ude42 <\/p>\n<div class=\"clearfix\"><span class='ldc-ul_cont' onclick=\"alter_ul_post_values(this,'4728','like')\" >gef\u00e4llt mir<img decoding=\"async\" src=\"http:\/\/ewig.es\/wordpress\/wp-content\/plugins\/like-dislike-counter-for-posts-pages-and-comments\/images\/up.png\" \/>(<span>3<\/span>)<\/span><span class='ldc-ul_cont' onclick=\"alter_ul_post_values(this,'4728','dislike')\" ><img decoding=\"async\" src=\"http:\/\/ewig.es\/wordpress\/wp-content\/plugins\/like-dislike-counter-for-posts-pages-and-comments\/images\/down.png\" \/>(<span>0<\/span>)<\/span><\/div>","protected":false},"excerpt":{"rendered":"<p>und heute machte ich eine Fuhre bestes Buchenholz, aber nun ist dieser Baum &#8222;abgenagt&#8220;. F\u00fcr den Rest des Stammes ist mein Fuchsschwanz zu kurz. \ud83d\ude42 Am Morgen hatte es Nebel, aber war sehr mild. Nun einen Kaffee, dann breche ich wieder in den Wald auf. Mit dem Stahlanh\u00e4nger, der etwas stabiler ist, funktioniert das ganz &hellip; <a href=\"http:\/\/ewig.es\/index.php\/2022\/08\/31\/am-abend-regnete-es\/\" class=\"more-link\"><span class=\"screen-reader-text\">\u201eAm Abend regnete es,\u201c<\/span> weiterlesen<\/a><\/p>\n","protected":false},"author":1,"featured_media":0,"comment_status":"open","ping_status":"closed","sticky":false,"template":"","format":"standard","meta":{"footnotes":""},"categories":[1],"tags":[],"class_list":["post-4728","post","type-post","status-publish","format-standard","hentry","category-tagebuch"],"_links":{"self":[{"href":"http:\/\/ewig.es\/index.php\/wp-json\/wp\/v2\/posts\/4728","targetHints":{"allow":["GET"]}}],"collection":[{"href":"http:\/\/ewig.es\/index.php\/wp-json\/wp\/v2\/posts"}],"about":[{"href":"http:\/\/ewig.es\/index.php\/wp-json\/wp\/v2\/types\/post"}],"author":[{"embeddable":true,"href":"http:\/\/ewig.es\/index.php\/wp-json\/wp\/v2\/users\/1"}],"replies":[{"embeddable":true,"href":"http:\/\/ewig.es\/index.php\/wp-json\/wp\/v2\/comments?post=4728"}],"version-history":[{"count":1,"href":"http:\/\/ewig.es\/index.php\/wp-json\/wp\/v2\/posts\/4728\/revisions"}],"predecessor-version":[{"id":4729,"href":"http:\/\/ewig.es\/index.php\/wp-json\/wp\/v2\/posts\/4728\/revisions\/4729"}],"wp:attachment":[{"href":"http:\/\/ewig.es\/index.php\/wp-json\/wp\/v2\/media?parent=4728"}],"wp:term":[{"taxonomy":"category","embeddable":true,"href":"http:\/\/ewig.es\/index.php\/wp-json\/wp\/v2\/categories?post=4728"},{"taxonomy":"post_tag","embeddable":true,"href":"http:\/\/ewig.es\/index.php\/wp-json\/wp\/v2\/tags?post=4728"}],"curies":[{"name":"wp","href":"https:\/\/api.w.org\/{rel}","templated":true}]}}