{"id":4741,"date":"2022-09-02T09:28:42","date_gmt":"2022-09-02T07:28:42","guid":{"rendered":"http:\/\/ewig.es\/?p=4741"},"modified":"2022-09-02T09:28:42","modified_gmt":"2022-09-02T07:28:42","slug":"am-morgen-fegte-ich-den-kamin","status":"publish","type":"post","link":"http:\/\/ewig.es\/index.php\/2022\/09\/02\/am-morgen-fegte-ich-den-kamin\/","title":{"rendered":"Am Morgen fegte ich den Kamin,"},"content":{"rendered":"\n<p class=\"wp-block-paragraph\">zerlegte den Ofen, saugte die Asche aus den Hohlr\u00e4umen hinter dem Schamott, damit er nicht qualmt. In Frankreich gibt es keine Kaminfegerpflicht, was  mir einiges an Geld spart.<\/p>\n\n\n\n<p class=\"wp-block-paragraph\">Eine Meise verirrte sich im Zimmer, aber die hatte ich gleich und setzte sie wieder vor die T\u00fcre.  <\/p>\n\n\n\n<p class=\"wp-block-paragraph\">Derzeit bin ich mit dem Thema Heizen besch\u00e4ftigt, richtete auch die gro\u00dfe  Kupferkanne her, denn ich will im Winter das Warmwasser f\u00fcr Kaffee, Tee, Waschen, etc., auf dem Ofen bereiten.<\/p>\n\n\n\n<p class=\"wp-block-paragraph\">Das Wetter ist noch mild, an die 30\u00b0 C tags. Und auch nachts ist angenehm. <\/p>\n\n\n\n<p class=\"wp-block-paragraph\">Nun will ich auf das Dach, nach dem anderen Kamin schauen. Irgendwo ist er noch undicht. Ich denke, ich nehme die Ma\u00dfe und schneide mir ein Abdeckblech aus Zink zu. Davon habe ich noch in der Scheune liegen. <\/p>\n<div class=\"clearfix\"><span class='ldc-ul_cont' onclick=\"alter_ul_post_values(this,'4741','like')\" >gef\u00e4llt mir<img decoding=\"async\" src=\"http:\/\/ewig.es\/wordpress\/wp-content\/plugins\/like-dislike-counter-for-posts-pages-and-comments\/images\/up.png\" \/>(<span>2<\/span>)<\/span><span class='ldc-ul_cont' onclick=\"alter_ul_post_values(this,'4741','dislike')\" ><img decoding=\"async\" src=\"http:\/\/ewig.es\/wordpress\/wp-content\/plugins\/like-dislike-counter-for-posts-pages-and-comments\/images\/down.png\" \/>(<span>0<\/span>)<\/span><\/div>","protected":false},"excerpt":{"rendered":"<p>zerlegte den Ofen, saugte die Asche aus den Hohlr\u00e4umen hinter dem Schamott, damit er nicht qualmt. In Frankreich gibt es keine Kaminfegerpflicht, was mir einiges an Geld spart. Eine Meise verirrte sich im Zimmer, aber die hatte ich gleich und setzte sie wieder vor die T\u00fcre. Derzeit bin ich mit dem Thema Heizen besch\u00e4ftigt, richtete &hellip; <a href=\"http:\/\/ewig.es\/index.php\/2022\/09\/02\/am-morgen-fegte-ich-den-kamin\/\" class=\"more-link\"><span class=\"screen-reader-text\">\u201eAm Morgen fegte ich den Kamin,\u201c<\/span> weiterlesen<\/a><\/p>\n","protected":false},"author":1,"featured_media":0,"comment_status":"open","ping_status":"closed","sticky":false,"template":"","format":"standard","meta":{"footnotes":""},"categories":[1],"tags":[],"class_list":["post-4741","post","type-post","status-publish","format-standard","hentry","category-tagebuch"],"_links":{"self":[{"href":"http:\/\/ewig.es\/index.php\/wp-json\/wp\/v2\/posts\/4741","targetHints":{"allow":["GET"]}}],"collection":[{"href":"http:\/\/ewig.es\/index.php\/wp-json\/wp\/v2\/posts"}],"about":[{"href":"http:\/\/ewig.es\/index.php\/wp-json\/wp\/v2\/types\/post"}],"author":[{"embeddable":true,"href":"http:\/\/ewig.es\/index.php\/wp-json\/wp\/v2\/users\/1"}],"replies":[{"embeddable":true,"href":"http:\/\/ewig.es\/index.php\/wp-json\/wp\/v2\/comments?post=4741"}],"version-history":[{"count":1,"href":"http:\/\/ewig.es\/index.php\/wp-json\/wp\/v2\/posts\/4741\/revisions"}],"predecessor-version":[{"id":4742,"href":"http:\/\/ewig.es\/index.php\/wp-json\/wp\/v2\/posts\/4741\/revisions\/4742"}],"wp:attachment":[{"href":"http:\/\/ewig.es\/index.php\/wp-json\/wp\/v2\/media?parent=4741"}],"wp:term":[{"taxonomy":"category","embeddable":true,"href":"http:\/\/ewig.es\/index.php\/wp-json\/wp\/v2\/categories?post=4741"},{"taxonomy":"post_tag","embeddable":true,"href":"http:\/\/ewig.es\/index.php\/wp-json\/wp\/v2\/tags?post=4741"}],"curies":[{"name":"wp","href":"https:\/\/api.w.org\/{rel}","templated":true}]}}