{"id":4749,"date":"2022-09-03T22:31:15","date_gmt":"2022-09-03T20:31:15","guid":{"rendered":"http:\/\/ewig.es\/?p=4749"},"modified":"2022-09-03T22:31:15","modified_gmt":"2022-09-03T20:31:15","slug":"heute-war-etwas-regnerisch","status":"publish","type":"post","link":"http:\/\/ewig.es\/index.php\/2022\/09\/03\/heute-war-etwas-regnerisch\/","title":{"rendered":"Heute war etwas regnerisch,"},"content":{"rendered":"\n<p class=\"wp-block-paragraph\">wenn auch das Wasser, ich grub ein Loch, nur f\u00fcr die ersten 4 cm Boden reichte. Darunter? Trocken.<\/p>\n\n\n\n<p class=\"wp-block-paragraph\">Morgen soll sch\u00f6n werden. Wahrscheinlich gehe ich in den Wald. Mein Fitnessstudio, in dem ich mit Brennholz entlohnt werde. \ud83d\ude42<\/p>\n\n\n\n<p class=\"wp-block-paragraph\">Ich bin immer noch an derselben Stelle, denn \u00fcberall liegt Holz im Wald. Und seit ein paar Jahren darf das Restholz beim Holz machen auch nicht mehr verbrannt werden und t\u00fcrmt sich. Und niemand sammelt mehr Reisig.<\/p>\n\n\n\n<p class=\"wp-block-paragraph\">Gesch\u00e4tzt liegen in unserem Wald zumindest hunderte Ster Holz herum. Und wenn ich nicht den Weg frei ges\u00e4gt h\u00e4tte, vor Wochen, w\u00e4re er immer noch durch die Hainbuche blockiert. Warum? Weil niemand es bemerkt h\u00e4tte. \ud83d\ude42<\/p>\n\n\n\n<p class=\"wp-block-paragraph\">Das liegt daran, dass hier unser Wald an die Departementsgrenze st\u00f6\u00dft. Und \u00fcber die f\u00fchren so gut wie keine Waldwege. Alle h\u00f6ren vorher auf. Andere Zust\u00e4ndigkeiten. \ud83d\ude42<\/p>\n\n\n\n<p class=\"wp-block-paragraph\">Aber erst einmal muss ich mich so weit vorarbeiten. Und vermutlich habe ich schon f\u00fcr mehrere Jahre Holz ges\u00e4gt, bis ich dort ankomme. \ud83d\ude42 <\/p>\n<div class=\"clearfix\"><span class='ldc-ul_cont' onclick=\"alter_ul_post_values(this,'4749','like')\" >gef\u00e4llt mir<img decoding=\"async\" src=\"http:\/\/ewig.es\/wordpress\/wp-content\/plugins\/like-dislike-counter-for-posts-pages-and-comments\/images\/up.png\" \/>(<span>4<\/span>)<\/span><span class='ldc-ul_cont' onclick=\"alter_ul_post_values(this,'4749','dislike')\" ><img decoding=\"async\" src=\"http:\/\/ewig.es\/wordpress\/wp-content\/plugins\/like-dislike-counter-for-posts-pages-and-comments\/images\/down.png\" \/>(<span>0<\/span>)<\/span><\/div>","protected":false},"excerpt":{"rendered":"<p>wenn auch das Wasser, ich grub ein Loch, nur f\u00fcr die ersten 4 cm Boden reichte. Darunter? Trocken. Morgen soll sch\u00f6n werden. Wahrscheinlich gehe ich in den Wald. Mein Fitnessstudio, in dem ich mit Brennholz entlohnt werde. \ud83d\ude42 Ich bin immer noch an derselben Stelle, denn \u00fcberall liegt Holz im Wald. Und seit ein paar &hellip; <a href=\"http:\/\/ewig.es\/index.php\/2022\/09\/03\/heute-war-etwas-regnerisch\/\" class=\"more-link\"><span class=\"screen-reader-text\">\u201eHeute war etwas regnerisch,\u201c<\/span> weiterlesen<\/a><\/p>\n","protected":false},"author":1,"featured_media":0,"comment_status":"open","ping_status":"closed","sticky":false,"template":"","format":"standard","meta":{"footnotes":""},"categories":[1],"tags":[],"class_list":["post-4749","post","type-post","status-publish","format-standard","hentry","category-tagebuch"],"_links":{"self":[{"href":"http:\/\/ewig.es\/index.php\/wp-json\/wp\/v2\/posts\/4749","targetHints":{"allow":["GET"]}}],"collection":[{"href":"http:\/\/ewig.es\/index.php\/wp-json\/wp\/v2\/posts"}],"about":[{"href":"http:\/\/ewig.es\/index.php\/wp-json\/wp\/v2\/types\/post"}],"author":[{"embeddable":true,"href":"http:\/\/ewig.es\/index.php\/wp-json\/wp\/v2\/users\/1"}],"replies":[{"embeddable":true,"href":"http:\/\/ewig.es\/index.php\/wp-json\/wp\/v2\/comments?post=4749"}],"version-history":[{"count":1,"href":"http:\/\/ewig.es\/index.php\/wp-json\/wp\/v2\/posts\/4749\/revisions"}],"predecessor-version":[{"id":4750,"href":"http:\/\/ewig.es\/index.php\/wp-json\/wp\/v2\/posts\/4749\/revisions\/4750"}],"wp:attachment":[{"href":"http:\/\/ewig.es\/index.php\/wp-json\/wp\/v2\/media?parent=4749"}],"wp:term":[{"taxonomy":"category","embeddable":true,"href":"http:\/\/ewig.es\/index.php\/wp-json\/wp\/v2\/categories?post=4749"},{"taxonomy":"post_tag","embeddable":true,"href":"http:\/\/ewig.es\/index.php\/wp-json\/wp\/v2\/tags?post=4749"}],"curies":[{"name":"wp","href":"https:\/\/api.w.org\/{rel}","templated":true}]}}