{"id":4757,"date":"2022-09-05T21:42:13","date_gmt":"2022-09-05T19:42:13","guid":{"rendered":"http:\/\/ewig.es\/?p=4757"},"modified":"2022-09-05T21:55:26","modified_gmt":"2022-09-05T19:55:26","slug":"heute-hatte-es-wieder-30-c","status":"publish","type":"post","link":"http:\/\/ewig.es\/index.php\/2022\/09\/05\/heute-hatte-es-wieder-30-c\/","title":{"rendered":"Heute hatte es wieder 30\u00b0 C,"},"content":{"rendered":"\n<p class=\"wp-block-paragraph\">aber ab Wochenmitte soll es abk\u00fchlen und regnen. Mal sehen. <\/p>\n\n\n\n<p class=\"wp-block-paragraph\">Am Vormittag machte ich Holz, am Nachmittag faulenzte ich und suchte das neue Eier-Versteck meiner Henne. Ohne Erfolg.<\/p>\n\n\n\n<p class=\"wp-block-paragraph\">So w\u00e4chst mein Holzvorrat langsam weiter. Und dieses Spiel treibe ich, bis mich die Lust verl\u00e4sst. Ich staple das Holz nun entlang des Zauns zur Stra\u00dfe. Eine Mauer aus Brennholz.<\/p>\n\n\n\n<p class=\"wp-block-paragraph\">Ich lese auch gerne und viel Nachrichten, jedoch, ehrlich gesagt, kann von mir aus der Strom gerne einmal ein paar Tage ausfallen, wie heute in einem Artikel bef\u00fcrchtet. So wirklich viel verpasse ich dadurch nicht. :-).<\/p>\n\n\n\n<p class=\"wp-block-paragraph\">Unsere Wasserversorgung funktioniert \u00fcber Schwerkraft, ganz ohne Strom von der Quelle bis zum Hahn. Ich brauche nur genug Holz, da ich nicht gerne friere.<\/p>\n\n\n\n<p class=\"wp-block-paragraph\">Irgendwie habe ich mich an Temperaturen um die 30\u00b0 C angepasst, da ich nicht mehr glaube, dass der Klimaerw\u00e4rmung durchgreifend begegnet wird. Der Nachteil ist der Winter. <\/p>\n\n\n\n<p class=\"wp-block-paragraph\">Ja, zum Klimawandel schaue ich mir viel an, vor Wochen, wie Pakistan in der Hitze schmorte und d\u00fcrstete, nun wie es abs\u00e4uft. Und auch, dass das Thema Kompensation diskutiert wird. Die Hauptverursacher des Klimawandels sollen zahlen. <\/p>\n\n\n\n<p class=\"wp-block-paragraph\">Und schaue ich dann bei denen, geht es um schnelle Autos, alte Autos oder Wohnmobile im LKW-Format. kurz: Konsum. Und diese heilige Verehrung darf nicht gest\u00f6rt werden. <\/p>\n\n\n\n<p class=\"wp-block-paragraph\">Und so wandere ich zwischen den Welten hin und her. Und wenn der Konsum das verehrte Heiligtum ist, die sinntragende Gottheit, sehe ich nicht, dass das funktionieren wird. Dann werden automatisch die gew\u00e4hlt, die versprechen, diesen Traum aufrecht erhalten zu k\u00f6nnen, radikal.<\/p>\n\n\n\n<p class=\"wp-block-paragraph\">Und so heizen die einen weiter ein, die anderen saufen ab, auf dem Wege selbst kr\u00e4ftig einzuheizen, siehe Indien. Und die brauchen dann auch alle ein Wohnmobil im LKW-Format, oder zumindest einen SUV.<\/p>\n\n\n\n<p class=\"wp-block-paragraph\">Und die Afrikaner wollen auch mal, sind sie nicht schon verdorrt. <\/p>\n\n\n\n<p class=\"wp-block-paragraph\">Und das ist gar nicht so einfach &#8211; und das Problem &#8211; das Thema Gl\u00fcck wieder vom Thema Konsum zu l\u00f6sen. Und damit auch das ganze Thema &#8222;pers\u00f6nliche Erf\u00fcllung&#8220;.  <\/p>\n\n\n\n<p class=\"wp-block-paragraph\">Und dieses Gl\u00fcck wieder in den ganz einfachen Dingen des Lebens zu finden, selbst Putzen kann ein Gl\u00fcckserlebnis sein. Wir haben das Gl\u00fcck nur an das Besondere verkauft.<\/p>\n\n\n\n<p class=\"wp-block-paragraph\">Wer es wieder im ganz Allt\u00e4glichen findet, st\u00f6\u00dft auf seinen eigentlichen Reichtum und gewinnt gleichzeitig pers\u00f6nliche Freiheit. <\/p>\n\n\n\n<p class=\"wp-block-paragraph\">Das, was gerade geschieht, ist schon immer die Wirklichkeit, um die dieses Interpretationstheater l\u00e4uft. Ich muss ihr nicht vorauslaufen, nicht ihr hinterherlaufen, kann ihr einfach ihre Geschwindigkeit lassen. Und in ihr geh\u00f6rt jede Kleinigkeit, wie der L\u00f6ffel im Kaffee, zur Erz\u00e4hlung. <\/p>\n\n\n\n<p class=\"wp-block-paragraph\">Die Wirklichkeit erz\u00e4hlt, jedes Detail geh\u00f6rt dazu. Ich muss es dadurch weder auf- noch abwerten, kann mich einfach erz\u00e4hlen lassen, ohne diese Erz\u00e4hlung passiv (erz\u00e4hlt werden) oder aktiv (Erz\u00e4hler sein) bewerten zu m\u00fcssen.<\/p>\n\n\n\n<p class=\"wp-block-paragraph\">Diese Unterscheidung macht mit relativen Instanzen, die in einem Einflussverh\u00e4ltnis zueinander stehen, Sinn. Jedoch, im Wesen, gibt es zwischen Erz\u00e4hlung und Erz\u00e4hler keinen so richtigen Unterschied. \ud83d\ude42<\/p>\n\n\n\n<p class=\"wp-block-paragraph\">Gestern sah ich etwas zu den Stoikern und war erstaunt, dass eigentlich der &#8222;erwachte Zustand&#8220; ihr Ideal ist, ohne dass sie ihn so beschreiben. Dieses &#8222;lautere ich&#8220;, das sich selbst gen\u00fcgt und dadurch &#8222;frei&#8220; ist. In der Ann\u00e4herung zumindest &#8222;freier&#8220;. Freiheit hei\u00dft einfach nur, nicht mehr nach Gl\u00fcck suchen zu m\u00fcssen.<\/p>\n\n\n\n<p class=\"wp-block-paragraph\">Und es ist logisch, dass die M\u00fche am geringsten ist, wo ich unmittelbar hier auf Gl\u00fcck sto\u00dfe.<\/p>\n\n\n\n<p class=\"wp-block-paragraph\">Ohne eine weltanschauliche Wende, was hei\u00dft, das Gl\u00fcck dem Kosumversprechen zu entrei\u00dfen, wird das nichts, da wir dann eh nur radikale Parteien bekommen, die dann den Karren noch tiefer in den Dreck setzen.<\/p>\n\n\n\n<p class=\"wp-block-paragraph\">Und dann verzehren noch die ganzen Kriege all dieser &#8222;Ich bin der Gr\u00f6\u00dfte&#8220; (Depp in Gottes Zoo \ud83d\ude42 ) die letzten Ressourcen. Und dann stehen wir da, die einen werden ger\u00f6stet, die anderen gebadet, und fragen uns: Was ist denn nun passiert? <\/p>\n\n\n\n<p class=\"wp-block-paragraph\">Pers\u00f6nlich versuche ich nat\u00fcrlich Co2 zu sparen, egal ob es wer anderes tut. Das muss jeder selber wissen. Aber das klappt bei mir auch nur, da ich f\u00fcr mich mit Alternativen experimentiere. <\/p>\n\n\n\n<p class=\"wp-block-paragraph\">Und es ist auch klar, dass ein energiesparendes Leben nicht mithalten kann.<\/p>\n\n\n\n<p class=\"wp-block-paragraph\">W\u00e4hrend ich oben im Wald mit dem Fuchsschwanz s\u00e4gte, riss T. mit einem Bagger all die B\u00e4ume aus, die vom Bach auf sein Grundst\u00fcck wuchsen. Und bis ich den Anh\u00e4nger voll hatte, lag da ein gro\u00dfer Berg Baumst\u00e4mme.<\/p>\n\n\n\n<p class=\"wp-block-paragraph\">Es braucht alles viel mehr Zeit. Und das kann sich der berufst\u00e4tige Mensch kaum leisten. Und das ist die Falle. Alleine um mithalten zu k\u00f6nnen, brauche ich mehr Energie, als wir derzeit ausgeben sollten.<\/p>\n\n\n\n<p class=\"wp-block-paragraph\">Und wie wir sozial aus dieser Falle wieder rauskommen, sehe ich noch nicht so ganz. Und wie schnell das die Technik richten wird? Keine Ahnung.<\/p>\n\n\n\n<p class=\"wp-block-paragraph\">Ich m\u00fcsste, soll es ohne Volksaufst\u00e4nde funktionieren, Gl\u00fcck neu ausrichten. Aber wie soll das in einer Gesellschaft funktionieren, deren Wirtschaft vom Gl\u00fccksversprechen im Konsum (Energieverbrauch) lebt?<\/p>\n\n\n\n<p class=\"wp-block-paragraph\">Daher ist die derzeit beste \u00dcbung, zur Vorbereitung auf den Winter (der wom\u00f6glich relativ gew\u00f6hnlich abl\u00e4uft), das Gl\u00fcck wieder &#8222;daheim&#8220; zu finden. Einfach dort, wo ich auch wirklich (physisch) bin. \ud83d\ude42<\/p>\n\n\n\n<p class=\"wp-block-paragraph\"><\/p>\n<div class=\"clearfix\"><span class='ldc-ul_cont' onclick=\"alter_ul_post_values(this,'4757','like')\" >gef\u00e4llt mir<img decoding=\"async\" src=\"http:\/\/ewig.es\/wordpress\/wp-content\/plugins\/like-dislike-counter-for-posts-pages-and-comments\/images\/up.png\" \/>(<span>4<\/span>)<\/span><span class='ldc-ul_cont' onclick=\"alter_ul_post_values(this,'4757','dislike')\" ><img decoding=\"async\" src=\"http:\/\/ewig.es\/wordpress\/wp-content\/plugins\/like-dislike-counter-for-posts-pages-and-comments\/images\/down.png\" \/>(<span>0<\/span>)<\/span><\/div>","protected":false},"excerpt":{"rendered":"<p>aber ab Wochenmitte soll es abk\u00fchlen und regnen. Mal sehen. Am Vormittag machte ich Holz, am Nachmittag faulenzte ich und suchte das neue Eier-Versteck meiner Henne. Ohne Erfolg. So w\u00e4chst mein Holzvorrat langsam weiter. Und dieses Spiel treibe ich, bis mich die Lust verl\u00e4sst. Ich staple das Holz nun entlang des Zauns zur Stra\u00dfe. Eine &hellip; <a href=\"http:\/\/ewig.es\/index.php\/2022\/09\/05\/heute-hatte-es-wieder-30-c\/\" class=\"more-link\"><span class=\"screen-reader-text\">\u201eHeute hatte es wieder 30\u00b0 C,\u201c<\/span> weiterlesen<\/a><\/p>\n","protected":false},"author":1,"featured_media":0,"comment_status":"open","ping_status":"closed","sticky":false,"template":"","format":"standard","meta":{"footnotes":""},"categories":[1],"tags":[],"class_list":["post-4757","post","type-post","status-publish","format-standard","hentry","category-tagebuch"],"_links":{"self":[{"href":"http:\/\/ewig.es\/index.php\/wp-json\/wp\/v2\/posts\/4757","targetHints":{"allow":["GET"]}}],"collection":[{"href":"http:\/\/ewig.es\/index.php\/wp-json\/wp\/v2\/posts"}],"about":[{"href":"http:\/\/ewig.es\/index.php\/wp-json\/wp\/v2\/types\/post"}],"author":[{"embeddable":true,"href":"http:\/\/ewig.es\/index.php\/wp-json\/wp\/v2\/users\/1"}],"replies":[{"embeddable":true,"href":"http:\/\/ewig.es\/index.php\/wp-json\/wp\/v2\/comments?post=4757"}],"version-history":[{"count":6,"href":"http:\/\/ewig.es\/index.php\/wp-json\/wp\/v2\/posts\/4757\/revisions"}],"predecessor-version":[{"id":4763,"href":"http:\/\/ewig.es\/index.php\/wp-json\/wp\/v2\/posts\/4757\/revisions\/4763"}],"wp:attachment":[{"href":"http:\/\/ewig.es\/index.php\/wp-json\/wp\/v2\/media?parent=4757"}],"wp:term":[{"taxonomy":"category","embeddable":true,"href":"http:\/\/ewig.es\/index.php\/wp-json\/wp\/v2\/categories?post=4757"},{"taxonomy":"post_tag","embeddable":true,"href":"http:\/\/ewig.es\/index.php\/wp-json\/wp\/v2\/tags?post=4757"}],"curies":[{"name":"wp","href":"https:\/\/api.w.org\/{rel}","templated":true}]}}