{"id":4764,"date":"2022-09-06T08:40:28","date_gmt":"2022-09-06T06:40:28","guid":{"rendered":"http:\/\/ewig.es\/?p=4764"},"modified":"2022-09-06T08:42:35","modified_gmt":"2022-09-06T06:42:35","slug":"zukunft-bleibt","status":"publish","type":"post","link":"http:\/\/ewig.es\/index.php\/2022\/09\/06\/zukunft-bleibt\/","title":{"rendered":"Zukunft bleibt,"},"content":{"rendered":"\n<p class=\"wp-block-paragraph\">aller Zukunftspropheten zum Trotze, nicht vorhersagbar. Von der Astrologie halte ich pers\u00f6nlich nichts. Da k\u00f6nnte ich die Zukunft auch aus den Bl\u00e4ttern meiner Esche lesen. <\/p>\n\n\n\n<p class=\"wp-block-paragraph\">Und auch meine eigenen Anwandlungen, mich als Prophet zu versuchen, erf\u00fcllen mich im Nachhinein eher mit Belustigung: Was f\u00fcr ein Depp? (Und ab und zu (?) meine ich auch mich selbst gg. \ud83d\ude42 ).<\/p>\n\n\n\n<p class=\"wp-block-paragraph\">Am ehesten zeigen Modellrechnungen brauchbare Tendenzen, aber die funktionieren meist nur in engen Themenbereichen. Und jedes andere Thema kann ihnen einen Strich durch die Rechnung machen.<\/p>\n\n\n\n<p class=\"wp-block-paragraph\">Und wir wissen ja nicht einmal \u00fcber alle Einflussfaktoren Bescheid. <\/p>\n\n\n\n<p class=\"wp-block-paragraph\">Leben w\u00e4re mit einer bekannten Zukunft auch v\u00f6llig langweilig, wenn ich nicht gleich sage: \u00fcberfl\u00fcssig, denn das Bewusstsein dringt dabei selbst in seine unbekannten Weiten vor.<\/p>\n\n\n\n<p class=\"wp-block-paragraph\">Wir sind darin alle Teil dieser Kraft, die Zukunft gestaltet. Und Zukunft ist nicht getrennt von der Gegenwart. Es ist der energetische Zustand, zu dem sich diese eine Gegenwart entwickelt. <\/p>\n\n\n\n<p class=\"wp-block-paragraph\">Erst durch die F\u00e4higkeit zum Ged\u00e4chtnis k\u00f6nnen wir energetisches Geschehen als Raumzeit deuten. Aber ob Vergangenheit oder Zukunft, es bleibt dieselbe Gegenwart, bietet jedoch pers\u00f6nlich eine energetische Orientierung und einen unbestimmten pers\u00f6nlichen Handlungsfreiraum, wie ich in dieser Entwicklung mitgehen m\u00f6chte, der zwar in der Regel sehr klein ist, aber doch vorhanden.<\/p>\n\n\n\n<p class=\"wp-block-paragraph\">Alles gestaltet an dem mit, was wir Zukunft nennen, selbst meine H\u00fchner. Und Bobberle verk\u00fcndet wieder, dass er der unbeschr\u00e4nkte Herrscher im H\u00fchnerreich ist. Und diese Botschaft wird f\u00fcr alle im Dorf h\u00f6rbar verk\u00fcndet. \ud83d\ude42<\/p>\n\n\n\n<p class=\"wp-block-paragraph\">Gestern traf ich Schafe im Wald, die wohl ein Loch im Zaun gefunden hatten. Und dann dieses &#8222;M\u00e4h, m\u00e4h&#8230;&#8220;. Da musste ich lachen. Warum eigentlich? Ja, ich bin ja eines dieser &#8222;Schlafschafe&#8220;. Und wenn ich dann denen, die dies verk\u00fcnden, zuh\u00f6re, erinnern sie mich an Schafe, die nach Trump und Putin bl\u00f6ken. <\/p>\n\n\n\n<p class=\"wp-block-paragraph\">Die Botschaft ist schlicht: &#8222;Selber denken&#8220;, auch nur in Ans\u00e4tzen &#8211; also etwas freier vom Sozialen zu denken, k\u00f6nnen nur wenige Menschen. Und das Problem ist, dass ich nie wirklich \u00fcber mich selbst hinausschauen kann. Ich kann als Mensch nicht besser sein als mein Gehirn. <\/p>\n\n\n\n<p class=\"wp-block-paragraph\">Und wie gut in ihm der Prozessor l\u00e4uft? Das kann ich nur bis zu meiner eigenen Grenze beurteilen. Dar\u00fcber hinaus bin ich blind. Daher auch der ganze Streit im Thema &#8222;selber denken&#8220;.<\/p>\n\n\n\n<p class=\"wp-block-paragraph\">Zum einen gibt man sich der Illusion hin, dass es so etwas \u00fcberhaupt gibt. Denken ist aber prim\u00e4r ein soziales Ereignis, das seine Grundlagen aus dem Sozialen zieht. Und wie gut meine pers\u00f6nliche CPU mit diesen Inhalten &#8222;m\u00f6glichst frei&#8220; umgehen kann, h\u00e4ngt wieder von der emotionalen Pers\u00f6nlichkeitsstruktur ab. <\/p>\n\n\n\n<p class=\"wp-block-paragraph\">Es gibt ohne Emotion kein Denken. Und die Grundemotion steuert sich sogar selbst im Denken. Denken ist von der Emotion getrieben. Und ohne diesen treibenden Faktor gibt es einfach nichts zu denken. <\/p>\n\n\n\n<p class=\"wp-block-paragraph\">So ist auch die &#8222;reine Vernunft&#8220; eine Existenz ohne Potenz, da sie zu allem schweigt. \ud83d\ude42<\/p>\n\n\n\n<p class=\"wp-block-paragraph\">Und wo dann die &#8222;reine Vernunft&#8220; etwas zu sagen hat, ist sie nicht mehr &#8222;rein&#8220;, sondern bekam einen emotionalen Kick. Und diese Welle reitet sie nun aus, entweder m\u00f6glichst lange in Wohlgef\u00fchl zu verharren oder Wehgef\u00fchl m\u00f6glichst schnell in Wohlgef\u00fchl zu verwandeln. Und sei es im Glauben an eine Illusion.<\/p>\n\n\n\n<p class=\"wp-block-paragraph\">Jedoch will und braucht Verst\u00e4ndnis diesen Wellenritt. Und auch immer wieder einen emotionalen Kick, die Welle, die es surft. <\/p>\n\n\n\n<p class=\"wp-block-paragraph\">Es will das. Und es braucht das. Und auch die Spiritualit\u00e4t kennt nur eine Richtung: unbekannte Weite.<\/p>\n<div class=\"clearfix\"><span class='ldc-ul_cont' onclick=\"alter_ul_post_values(this,'4764','like')\" >gef\u00e4llt mir<img decoding=\"async\" src=\"http:\/\/ewig.es\/wordpress\/wp-content\/plugins\/like-dislike-counter-for-posts-pages-and-comments\/images\/up.png\" \/>(<span>3<\/span>)<\/span><span class='ldc-ul_cont' onclick=\"alter_ul_post_values(this,'4764','dislike')\" ><img decoding=\"async\" src=\"http:\/\/ewig.es\/wordpress\/wp-content\/plugins\/like-dislike-counter-for-posts-pages-and-comments\/images\/down.png\" \/>(<span>0<\/span>)<\/span><\/div>","protected":false},"excerpt":{"rendered":"<p>aller Zukunftspropheten zum Trotze, nicht vorhersagbar. Von der Astrologie halte ich pers\u00f6nlich nichts. Da k\u00f6nnte ich die Zukunft auch aus den Bl\u00e4ttern meiner Esche lesen. Und auch meine eigenen Anwandlungen, mich als Prophet zu versuchen, erf\u00fcllen mich im Nachhinein eher mit Belustigung: Was f\u00fcr ein Depp? (Und ab und zu (?) meine ich auch mich &hellip; <a href=\"http:\/\/ewig.es\/index.php\/2022\/09\/06\/zukunft-bleibt\/\" class=\"more-link\"><span class=\"screen-reader-text\">\u201eZukunft bleibt,\u201c<\/span> weiterlesen<\/a><\/p>\n","protected":false},"author":1,"featured_media":0,"comment_status":"open","ping_status":"closed","sticky":false,"template":"","format":"standard","meta":{"footnotes":""},"categories":[1],"tags":[],"class_list":["post-4764","post","type-post","status-publish","format-standard","hentry","category-tagebuch"],"_links":{"self":[{"href":"http:\/\/ewig.es\/index.php\/wp-json\/wp\/v2\/posts\/4764","targetHints":{"allow":["GET"]}}],"collection":[{"href":"http:\/\/ewig.es\/index.php\/wp-json\/wp\/v2\/posts"}],"about":[{"href":"http:\/\/ewig.es\/index.php\/wp-json\/wp\/v2\/types\/post"}],"author":[{"embeddable":true,"href":"http:\/\/ewig.es\/index.php\/wp-json\/wp\/v2\/users\/1"}],"replies":[{"embeddable":true,"href":"http:\/\/ewig.es\/index.php\/wp-json\/wp\/v2\/comments?post=4764"}],"version-history":[{"count":2,"href":"http:\/\/ewig.es\/index.php\/wp-json\/wp\/v2\/posts\/4764\/revisions"}],"predecessor-version":[{"id":4766,"href":"http:\/\/ewig.es\/index.php\/wp-json\/wp\/v2\/posts\/4764\/revisions\/4766"}],"wp:attachment":[{"href":"http:\/\/ewig.es\/index.php\/wp-json\/wp\/v2\/media?parent=4764"}],"wp:term":[{"taxonomy":"category","embeddable":true,"href":"http:\/\/ewig.es\/index.php\/wp-json\/wp\/v2\/categories?post=4764"},{"taxonomy":"post_tag","embeddable":true,"href":"http:\/\/ewig.es\/index.php\/wp-json\/wp\/v2\/tags?post=4764"}],"curies":[{"name":"wp","href":"https:\/\/api.w.org\/{rel}","templated":true}]}}