{"id":4788,"date":"2022-09-13T09:48:18","date_gmt":"2022-09-13T07:48:18","guid":{"rendered":"http:\/\/ewig.es\/?p=4788"},"modified":"2022-09-13T09:50:55","modified_gmt":"2022-09-13T07:50:55","slug":"es-gibt-viele-themen-die-ich-der","status":"publish","type":"post","link":"http:\/\/ewig.es\/index.php\/2022\/09\/13\/es-gibt-viele-themen-die-ich-der\/","title":{"rendered":"Es gibt viele Themen, die ich der-"},"content":{"rendered":"\n<p class=\"wp-block-paragraph\">zeit f\u00fcr mich &#8222;ausleuchte&#8220;.<\/p>\n\n\n\n<p class=\"wp-block-paragraph\">Das eine ist das Trans zum &#8222;T\u00e4ter-Nichtt\u00e4ter&#8220;, was in gewisser Weise ein Abschied von den Themen: &#8222;Ich bin das Opfer&#8220;, wie auch: &#8222;ich bin der T\u00e4ter&#8220; ist. Interessant ist hier die &#8222;pers\u00f6nliche Schwerlosigkeit&#8220; im Geschehen.<\/p>\n\n\n\n<p class=\"wp-block-paragraph\">Schwer aber zu beschreiben, was ich damit meine, zur &#8222;Demokratie des Geschehens&#8220; zu finden.<\/p>\n\n\n\n<p class=\"wp-block-paragraph\">Die meisten Spirituellen h\u00e4ngen in einem hierarchischen Gottesbild fest, daher ihr Hang zu Diktatoren.<\/p>\n\n\n\n<p class=\"wp-block-paragraph\">Jedoch ist das neuzeitliche, und in meinen Augen treffendere, das &#8222;demokratische Gottesbild.&#8220; &#8222;Gott&#8220; ist nicht im Wesen fragmentiert (auf dieser Ebene), sondern erscheinend als &#8222;T\u00e4ter&#8220;. \ud83d\ude42<\/p>\n\n\n\n<p class=\"wp-block-paragraph\">Und in jeder Pers\u00f6nlichkeit zeigt sich dieser &#8222;T\u00e4ter&#8220; pers\u00f6nlich. Und im physikalischen Geschehen? &#8222;Unpers\u00f6nlich demokratisch:&#8220; Alles kr\u00e4ht mit.<\/p>\n\n\n\n<p class=\"wp-block-paragraph\">Ein weiteres Thema w\u00e4re: &#8222;Himmel und H\u00f6llen&#8220;, was Informationen \u00fcber die Vergangenheit im laufenden Geschehen sind.<\/p>\n\n\n\n<p class=\"wp-block-paragraph\">&#8222;Ich bin alle diese Leben&#8220; ist eine &#8222;Erinnerung&#8220; des Universums an sich selbst. Das laufende Geschehen ist an eine uns unbekannt gro\u00dfe Vergangenheit gebunden, die immer gr\u00f6\u00dfer wird, wie sich der Raum dehnt.<\/p>\n\n\n\n<p class=\"wp-block-paragraph\">Die gibt es eigentlich nicht mehr, aber hat das Ereignis zu seiner gegenw\u00e4rtigen Erscheinung geformt. Und so sitzt sie wie eine Information im Ereignis.<\/p>\n\n\n\n<p class=\"wp-block-paragraph\">Ab und zu finde ich eine Versteinerung eines Lebewesens, das hier vor 150.000.000 Jahren lebte. Und das blieb als Information zur\u00fcck. Und aus ihr rekonstruieren wir die Welt der Vergangenheit. <\/p>\n\n\n\n<p class=\"wp-block-paragraph\">Die Themen &#8222;mich selbst verstehen zu wollen&#8220;, und das Thema &#8222;Gott verstehen zu wollen&#8220; sind im Wesen dasselbe Thema.<\/p>\n\n\n\n<p class=\"wp-block-paragraph\">Im Thema &#8222;mich selbst verstehen&#8220; bin ich schon direkt im &#8222;g\u00f6ttlichen Thema&#8220;.<\/p>\n\n\n\n<p class=\"wp-block-paragraph\">Der Versuch des Universums, sich im Menschen zu verstehen. Als Mensch. Als menschliche Perspektive. Der Mensch ist ein Versuch des Universums, sich selbst durch eine brauchbare Brille (Pers\u00f6nlichkeit) betrachten zu k\u00f6nnen.<\/p>\n\n\n\n<p class=\"wp-block-paragraph\">Und diese Kraft des Lebens, \u00fcber sich selbst immer wieder hinauswachsen zu k\u00f6nnen, ist das, was wir als Evolution beschreiben.<\/p>\n\n\n\n<p class=\"wp-block-paragraph\">Und was das f\u00fcr eine Dynamik ist, die wie eine unbewusste Kraft die Evolution vor sich hertreibt? Je mehr ich sie mir betrachte, desto r\u00e4tselhafter, aber auch ein Staunen, wie so etwas m\u00f6glich ist.<\/p>\n\n\n\n<p class=\"wp-block-paragraph\">Leben ist ja: &#8222;Dumm geboren, aber dazu gelernt&#8220;. Und schon startet es den n\u00e4chsten Anlauf, etwas genetisch modifiziert. Das Erleben modifiziert Genetik. Und damit das Leben sich selbst und ist in Evolution.<\/p>\n\n\n\n<p class=\"wp-block-paragraph\">Es hat so weder einen richtigen noch falschen K\u00f6rper, diese Begrifflichkeiten taugen nicht, denn es bleibt in allen K\u00f6rpern &#8222;das richtige Selbst&#8220;.<\/p>\n\n\n\n<p class=\"wp-block-paragraph\">Der Mensch und seine oft obskure Ideenwelt ist zwar tempor\u00e4r lokal (Erde) &#8222;die Krone der Sch\u00f6pfung&#8220;, aber das Potenzial wird die Veranstaltung weiter treiben: <\/p>\n\n\n\n<p class=\"wp-block-paragraph\">&#8222;Dumm geboren, aber dazu gelernt.&#8220; \ud83d\ude42<\/p>\n\n\n\n<p class=\"wp-block-paragraph\"><\/p>\n\n\n\n<p class=\"wp-block-paragraph\">  <\/p>\n\n\n\n<p class=\"wp-block-paragraph\"><\/p>\n<div class=\"clearfix\"><span class='ldc-ul_cont' onclick=\"alter_ul_post_values(this,'4788','like')\" >gef\u00e4llt mir<img decoding=\"async\" src=\"http:\/\/ewig.es\/wordpress\/wp-content\/plugins\/like-dislike-counter-for-posts-pages-and-comments\/images\/up.png\" \/>(<span>3<\/span>)<\/span><span class='ldc-ul_cont' onclick=\"alter_ul_post_values(this,'4788','dislike')\" ><img decoding=\"async\" src=\"http:\/\/ewig.es\/wordpress\/wp-content\/plugins\/like-dislike-counter-for-posts-pages-and-comments\/images\/down.png\" \/>(<span>1<\/span>)<\/span><\/div>","protected":false},"excerpt":{"rendered":"<p>zeit f\u00fcr mich &#8222;ausleuchte&#8220;. Das eine ist das Trans zum &#8222;T\u00e4ter-Nichtt\u00e4ter&#8220;, was in gewisser Weise ein Abschied von den Themen: &#8222;Ich bin das Opfer&#8220;, wie auch: &#8222;ich bin der T\u00e4ter&#8220; ist. Interessant ist hier die &#8222;pers\u00f6nliche Schwerlosigkeit&#8220; im Geschehen. Schwer aber zu beschreiben, was ich damit meine, zur &#8222;Demokratie des Geschehens&#8220; zu finden. Die meisten &hellip; <a href=\"http:\/\/ewig.es\/index.php\/2022\/09\/13\/es-gibt-viele-themen-die-ich-der\/\" class=\"more-link\"><span class=\"screen-reader-text\">\u201eEs gibt viele Themen, die ich der-\u201c<\/span> weiterlesen<\/a><\/p>\n","protected":false},"author":1,"featured_media":0,"comment_status":"open","ping_status":"closed","sticky":false,"template":"","format":"standard","meta":{"footnotes":""},"categories":[1],"tags":[],"class_list":["post-4788","post","type-post","status-publish","format-standard","hentry","category-tagebuch"],"_links":{"self":[{"href":"http:\/\/ewig.es\/index.php\/wp-json\/wp\/v2\/posts\/4788","targetHints":{"allow":["GET"]}}],"collection":[{"href":"http:\/\/ewig.es\/index.php\/wp-json\/wp\/v2\/posts"}],"about":[{"href":"http:\/\/ewig.es\/index.php\/wp-json\/wp\/v2\/types\/post"}],"author":[{"embeddable":true,"href":"http:\/\/ewig.es\/index.php\/wp-json\/wp\/v2\/users\/1"}],"replies":[{"embeddable":true,"href":"http:\/\/ewig.es\/index.php\/wp-json\/wp\/v2\/comments?post=4788"}],"version-history":[{"count":3,"href":"http:\/\/ewig.es\/index.php\/wp-json\/wp\/v2\/posts\/4788\/revisions"}],"predecessor-version":[{"id":4791,"href":"http:\/\/ewig.es\/index.php\/wp-json\/wp\/v2\/posts\/4788\/revisions\/4791"}],"wp:attachment":[{"href":"http:\/\/ewig.es\/index.php\/wp-json\/wp\/v2\/media?parent=4788"}],"wp:term":[{"taxonomy":"category","embeddable":true,"href":"http:\/\/ewig.es\/index.php\/wp-json\/wp\/v2\/categories?post=4788"},{"taxonomy":"post_tag","embeddable":true,"href":"http:\/\/ewig.es\/index.php\/wp-json\/wp\/v2\/tags?post=4788"}],"curies":[{"name":"wp","href":"https:\/\/api.w.org\/{rel}","templated":true}]}}