{"id":4802,"date":"2022-09-16T18:49:56","date_gmt":"2022-09-16T16:49:56","guid":{"rendered":"http:\/\/ewig.es\/?p=4802"},"modified":"2022-09-16T18:51:09","modified_gmt":"2022-09-16T16:51:09","slug":"am-morgen-faulenzte-ich","status":"publish","type":"post","link":"http:\/\/ewig.es\/index.php\/2022\/09\/16\/am-morgen-faulenzte-ich\/","title":{"rendered":"Am Morgen faulenzte ich."},"content":{"rendered":"\n<p class=\"wp-block-paragraph\">Ich wollte einen Text zum Thema &#8222;Nichtwissen und Freiheit&#8220; schreiben, aber bestaunte lieber das Nichtwissen. Gl\u00fcck gehabt.<\/p>\n\n\n\n<p class=\"wp-block-paragraph\">Am Nachmittag schwang ich mich aufs Rad, fuhr nach Pressigny, machte Besuche, danach nach Valleroy, sp\u00e4ter Richtung Champlitte. Dort gibt es auf einem Berg herrenlose Walnussb\u00e4ume.<\/p>\n\n\n\n<p class=\"wp-block-paragraph\">Ein ganzer Korb Waln\u00fcsse kam zusammen. Die trocknen nun hinter dem Ofen, damit die Eichh\u00f6rnchen im Winter nicht umsonst betteln.<\/p>\n\n\n\n<p class=\"wp-block-paragraph\">Die Tage muss ich mal wieder hoch, den es h\u00e4ngen dieses Jahr viele Waln\u00fcsse an den B\u00e4umen. <\/p>\n\n\n\n<p class=\"wp-block-paragraph\">Ich heize inzwischen, so kalt wurde es von fast 30\u00b0 C von vor 2 Tagen. Auf dem Rad war mit langer Hose und drei Schichten, M\u00fctze und Helm, ganz angenehm. 16\u00b0 C. <\/p>\n\n\n\n<p class=\"wp-block-paragraph\">Ich muss mich wieder an den Winter gew\u00f6hnen. Pers\u00f6nlich empfand ich den Sommer wie ein Urlaub im sonnigen S\u00fcden. Und ich musste nichts f\u00fcr das Hotel bezahlen.<\/p>\n\n\n\n<p class=\"wp-block-paragraph\">Die Langfrostmodelle sehen eher einen milden Winter, nur gab es sch\u00f6n l\u00e4nger keinen richtig kalten Winter mehr.<\/p>\n\n\n\n<p class=\"wp-block-paragraph\">Ich bin zwar wohl Gemut, aber misstraue der Lage. So ist, ganz dem Zen entsprechend, mein Leben derzeit: N\u00fcsse sammeln und Holz machen.<\/p>\n\n\n\n<p class=\"wp-block-paragraph\">Nicht, dass es zwei Meter Schnee gibt und minus 25\u00b0c. Und ich habe nichts f\u00fcr die Eichh\u00f6rnchen. <\/p>\n\n\n\n<p class=\"wp-block-paragraph\">Ich schaute am Morgen dem Buntspecht zu, wie er Haseln\u00fcsse aufklopfte. Da steht ein alter rissiger Zaunpfahl. Dann popelt er die Haselnuss in eine passende Ritze, damit sie gut sitzt. Und dann der Presslufthammer. Die Sp\u00e4ne fliegen.<\/p>\n\n\n\n<p class=\"wp-block-paragraph\">Manchmal auch die Nuss. <\/p>\n\n\n\n<p class=\"wp-block-paragraph\">Von viel mehr Bedeutung, sozial gesehen, ist derzeit mein Tun auch nicht. \ud83d\ude42<\/p>\n\n\n\n<p class=\"wp-block-paragraph\"> <\/p>\n<div class=\"clearfix\"><span class='ldc-ul_cont' onclick=\"alter_ul_post_values(this,'4802','like')\" >gef\u00e4llt mir<img decoding=\"async\" src=\"http:\/\/ewig.es\/wordpress\/wp-content\/plugins\/like-dislike-counter-for-posts-pages-and-comments\/images\/up.png\" \/>(<span>3<\/span>)<\/span><span class='ldc-ul_cont' onclick=\"alter_ul_post_values(this,'4802','dislike')\" ><img decoding=\"async\" src=\"http:\/\/ewig.es\/wordpress\/wp-content\/plugins\/like-dislike-counter-for-posts-pages-and-comments\/images\/down.png\" \/>(<span>1<\/span>)<\/span><\/div>","protected":false},"excerpt":{"rendered":"<p>Ich wollte einen Text zum Thema &#8222;Nichtwissen und Freiheit&#8220; schreiben, aber bestaunte lieber das Nichtwissen. Gl\u00fcck gehabt. Am Nachmittag schwang ich mich aufs Rad, fuhr nach Pressigny, machte Besuche, danach nach Valleroy, sp\u00e4ter Richtung Champlitte. Dort gibt es auf einem Berg herrenlose Walnussb\u00e4ume. Ein ganzer Korb Waln\u00fcsse kam zusammen. Die trocknen nun hinter dem Ofen, &hellip; <a href=\"http:\/\/ewig.es\/index.php\/2022\/09\/16\/am-morgen-faulenzte-ich\/\" class=\"more-link\"><span class=\"screen-reader-text\">\u201eAm Morgen faulenzte ich.\u201c<\/span> weiterlesen<\/a><\/p>\n","protected":false},"author":1,"featured_media":0,"comment_status":"open","ping_status":"closed","sticky":false,"template":"","format":"standard","meta":{"footnotes":""},"categories":[1],"tags":[],"class_list":["post-4802","post","type-post","status-publish","format-standard","hentry","category-tagebuch"],"_links":{"self":[{"href":"http:\/\/ewig.es\/index.php\/wp-json\/wp\/v2\/posts\/4802","targetHints":{"allow":["GET"]}}],"collection":[{"href":"http:\/\/ewig.es\/index.php\/wp-json\/wp\/v2\/posts"}],"about":[{"href":"http:\/\/ewig.es\/index.php\/wp-json\/wp\/v2\/types\/post"}],"author":[{"embeddable":true,"href":"http:\/\/ewig.es\/index.php\/wp-json\/wp\/v2\/users\/1"}],"replies":[{"embeddable":true,"href":"http:\/\/ewig.es\/index.php\/wp-json\/wp\/v2\/comments?post=4802"}],"version-history":[{"count":2,"href":"http:\/\/ewig.es\/index.php\/wp-json\/wp\/v2\/posts\/4802\/revisions"}],"predecessor-version":[{"id":4804,"href":"http:\/\/ewig.es\/index.php\/wp-json\/wp\/v2\/posts\/4802\/revisions\/4804"}],"wp:attachment":[{"href":"http:\/\/ewig.es\/index.php\/wp-json\/wp\/v2\/media?parent=4802"}],"wp:term":[{"taxonomy":"category","embeddable":true,"href":"http:\/\/ewig.es\/index.php\/wp-json\/wp\/v2\/categories?post=4802"},{"taxonomy":"post_tag","embeddable":true,"href":"http:\/\/ewig.es\/index.php\/wp-json\/wp\/v2\/tags?post=4802"}],"curies":[{"name":"wp","href":"https:\/\/api.w.org\/{rel}","templated":true}]}}