{"id":4825,"date":"2022-09-22T23:31:38","date_gmt":"2022-09-22T21:31:38","guid":{"rendered":"http:\/\/ewig.es\/?p=4825"},"modified":"2022-09-22T23:33:06","modified_gmt":"2022-09-22T21:33:06","slug":"heute-machte-ich-zwei-fuhren-holz","status":"publish","type":"post","link":"http:\/\/ewig.es\/index.php\/2022\/09\/22\/heute-machte-ich-zwei-fuhren-holz\/","title":{"rendered":"Heute machte ich zwei Fuhren Holz,"},"content":{"rendered":"\n<p class=\"wp-block-paragraph\">dabei fiel auch aus einem St\u00fcck des Stammes einer Robinie ein neuer Spaltklotz f\u00fcr das Holzlager ab. Ich s\u00e4gte ewig an diesem Stamm. Und allm\u00e4hlich wird der Fuchsschwanz auch stumpf.<\/p>\n\n\n\n<p class=\"wp-block-paragraph\">Ich will mit den Hands\u00e4gen noch etwas aufr\u00fcsten, andererseits geht es mir beim Holzmachen ja prim\u00e4r um die Bewegung. Und es ist dabei eher sekund\u00e4r, wie lange es dauert. <\/p>\n\n\n\n<p class=\"wp-block-paragraph\">Die Tage zuvor war ich ja mehr mit dem Rad unterwegs. Und wenn ich einmal die Woche zwei Fuhren Holz hole, reicht das f\u00fcr eine Woche zum Heizen.<\/p>\n\n\n\n<p class=\"wp-block-paragraph\">Und meine winterliche K\u00e4lteempfindlichkeit in Verbindung mit all den Diskussionen um winterliches Feieren im Gem\u00e4uer hat bei mir zu einer Gegenreaktion gef\u00fchrt. Ich heize derzeit besonders behaglich. So wie das Wetter im Sommer war. <\/p>\n\n\n\n<p class=\"wp-block-paragraph\">So ist halt der Mensch. <\/p>\n\n\n\n<p class=\"wp-block-paragraph\">Jedoch heize ich auf diese Weise so gut wie vollst\u00e4ndig C02-neutral. Und das ist der Kompromiss, den ich einzugehen gewillt bin.<\/p>\n\n\n\n<p class=\"wp-block-paragraph\"><\/p>\n\n\n\n<p class=\"wp-block-paragraph\"><\/p>\n<div class=\"clearfix\"><span class='ldc-ul_cont' onclick=\"alter_ul_post_values(this,'4825','like')\" >gef\u00e4llt mir<img decoding=\"async\" src=\"http:\/\/ewig.es\/wordpress\/wp-content\/plugins\/like-dislike-counter-for-posts-pages-and-comments\/images\/up.png\" \/>(<span>3<\/span>)<\/span><span class='ldc-ul_cont' onclick=\"alter_ul_post_values(this,'4825','dislike')\" ><img decoding=\"async\" src=\"http:\/\/ewig.es\/wordpress\/wp-content\/plugins\/like-dislike-counter-for-posts-pages-and-comments\/images\/down.png\" \/>(<span>1<\/span>)<\/span><\/div>","protected":false},"excerpt":{"rendered":"<p>dabei fiel auch aus einem St\u00fcck des Stammes einer Robinie ein neuer Spaltklotz f\u00fcr das Holzlager ab. Ich s\u00e4gte ewig an diesem Stamm. Und allm\u00e4hlich wird der Fuchsschwanz auch stumpf. Ich will mit den Hands\u00e4gen noch etwas aufr\u00fcsten, andererseits geht es mir beim Holzmachen ja prim\u00e4r um die Bewegung. Und es ist dabei eher sekund\u00e4r, &hellip; <a href=\"http:\/\/ewig.es\/index.php\/2022\/09\/22\/heute-machte-ich-zwei-fuhren-holz\/\" class=\"more-link\"><span class=\"screen-reader-text\">\u201eHeute machte ich zwei Fuhren Holz,\u201c<\/span> weiterlesen<\/a><\/p>\n","protected":false},"author":1,"featured_media":0,"comment_status":"open","ping_status":"closed","sticky":false,"template":"","format":"standard","meta":{"footnotes":""},"categories":[1],"tags":[],"class_list":["post-4825","post","type-post","status-publish","format-standard","hentry","category-tagebuch"],"_links":{"self":[{"href":"http:\/\/ewig.es\/index.php\/wp-json\/wp\/v2\/posts\/4825","targetHints":{"allow":["GET"]}}],"collection":[{"href":"http:\/\/ewig.es\/index.php\/wp-json\/wp\/v2\/posts"}],"about":[{"href":"http:\/\/ewig.es\/index.php\/wp-json\/wp\/v2\/types\/post"}],"author":[{"embeddable":true,"href":"http:\/\/ewig.es\/index.php\/wp-json\/wp\/v2\/users\/1"}],"replies":[{"embeddable":true,"href":"http:\/\/ewig.es\/index.php\/wp-json\/wp\/v2\/comments?post=4825"}],"version-history":[{"count":2,"href":"http:\/\/ewig.es\/index.php\/wp-json\/wp\/v2\/posts\/4825\/revisions"}],"predecessor-version":[{"id":4827,"href":"http:\/\/ewig.es\/index.php\/wp-json\/wp\/v2\/posts\/4825\/revisions\/4827"}],"wp:attachment":[{"href":"http:\/\/ewig.es\/index.php\/wp-json\/wp\/v2\/media?parent=4825"}],"wp:term":[{"taxonomy":"category","embeddable":true,"href":"http:\/\/ewig.es\/index.php\/wp-json\/wp\/v2\/categories?post=4825"},{"taxonomy":"post_tag","embeddable":true,"href":"http:\/\/ewig.es\/index.php\/wp-json\/wp\/v2\/tags?post=4825"}],"curies":[{"name":"wp","href":"https:\/\/api.w.org\/{rel}","templated":true}]}}