{"id":4831,"date":"2022-09-24T16:14:37","date_gmt":"2022-09-24T14:14:37","guid":{"rendered":"http:\/\/ewig.es\/?p=4831"},"modified":"2022-09-24T16:14:37","modified_gmt":"2022-09-24T14:14:37","slug":"die-temperatur-ist-angenehm-zum-radeln","status":"publish","type":"post","link":"http:\/\/ewig.es\/index.php\/2022\/09\/24\/die-temperatur-ist-angenehm-zum-radeln\/","title":{"rendered":"Die Temperatur ist angenehm zum Radeln,"},"content":{"rendered":"\n<p class=\"wp-block-paragraph\">so war ich erst in Bussieres, um einzukaufen, fuhr dann weiter nach Belmont, wo es ein verlassenes Kloster gibt.<\/p>\n\n\n\n<p class=\"wp-block-paragraph\">Auf dem Berg hinter Belmont steht auf dem Gipfel eine Kapelle. Und irgendwie hatte ich Lust, diese steile Stra\u00dfe hoch zu radeln und an der Kapelle versperte ich dann.<\/p>\n\n\n\n<p class=\"wp-block-paragraph\">Der Weg ging weiter, war dann aber nur noch geschottert. Und ich radelte durch eine Wildnis mit niedrigen B\u00e4umen und Gestr\u00fcpp, in der ich noch nie war. Durch diese &#8222;Hochebene&#8220; gibt es nur ein paar Schotterwege.<\/p>\n\n\n\n<p class=\"wp-block-paragraph\">Und dann wurde der Weg breit wie eine Stra\u00dfe, und ich kam durch ein Baustelle f\u00fcr einen Windpark. Und nach einigen Kilometern m\u00fcndete diese Schotterpiste in die Stra\u00dfe nach Frettes. Ich radelte nach Frettes. Von dort wieder hoch \u00fcber die Hochebene nach Argillieres.<\/p>\n\n\n\n<p class=\"wp-block-paragraph\">Gestern hatte ich schon reichlich Waln\u00fcsse gefunden. Und heute war es auch wieder fast eine Satteltasche voll. Und w\u00e4hrend ich sie auflas, fielen schon die n\u00e4chsten vom Baum.<\/p>\n\n\n\n<p class=\"wp-block-paragraph\">So erforsche ich etwas die Gegend und sammle unterwegs Waln\u00fcsse.<\/p>\n\n\n\n<p class=\"wp-block-paragraph\"> <\/p>\n<div class=\"clearfix\"><span class='ldc-ul_cont' onclick=\"alter_ul_post_values(this,'4831','like')\" >gef\u00e4llt mir<img decoding=\"async\" src=\"http:\/\/ewig.es\/wordpress\/wp-content\/plugins\/like-dislike-counter-for-posts-pages-and-comments\/images\/up.png\" \/>(<span>5<\/span>)<\/span><span class='ldc-ul_cont' onclick=\"alter_ul_post_values(this,'4831','dislike')\" ><img decoding=\"async\" src=\"http:\/\/ewig.es\/wordpress\/wp-content\/plugins\/like-dislike-counter-for-posts-pages-and-comments\/images\/down.png\" \/>(<span>0<\/span>)<\/span><\/div>","protected":false},"excerpt":{"rendered":"<p>so war ich erst in Bussieres, um einzukaufen, fuhr dann weiter nach Belmont, wo es ein verlassenes Kloster gibt. Auf dem Berg hinter Belmont steht auf dem Gipfel eine Kapelle. Und irgendwie hatte ich Lust, diese steile Stra\u00dfe hoch zu radeln und an der Kapelle versperte ich dann. Der Weg ging weiter, war dann aber &hellip; <a href=\"http:\/\/ewig.es\/index.php\/2022\/09\/24\/die-temperatur-ist-angenehm-zum-radeln\/\" class=\"more-link\"><span class=\"screen-reader-text\">\u201eDie Temperatur ist angenehm zum Radeln,\u201c<\/span> weiterlesen<\/a><\/p>\n","protected":false},"author":1,"featured_media":0,"comment_status":"open","ping_status":"closed","sticky":false,"template":"","format":"standard","meta":{"footnotes":""},"categories":[1],"tags":[],"class_list":["post-4831","post","type-post","status-publish","format-standard","hentry","category-tagebuch"],"_links":{"self":[{"href":"http:\/\/ewig.es\/index.php\/wp-json\/wp\/v2\/posts\/4831","targetHints":{"allow":["GET"]}}],"collection":[{"href":"http:\/\/ewig.es\/index.php\/wp-json\/wp\/v2\/posts"}],"about":[{"href":"http:\/\/ewig.es\/index.php\/wp-json\/wp\/v2\/types\/post"}],"author":[{"embeddable":true,"href":"http:\/\/ewig.es\/index.php\/wp-json\/wp\/v2\/users\/1"}],"replies":[{"embeddable":true,"href":"http:\/\/ewig.es\/index.php\/wp-json\/wp\/v2\/comments?post=4831"}],"version-history":[{"count":1,"href":"http:\/\/ewig.es\/index.php\/wp-json\/wp\/v2\/posts\/4831\/revisions"}],"predecessor-version":[{"id":4832,"href":"http:\/\/ewig.es\/index.php\/wp-json\/wp\/v2\/posts\/4831\/revisions\/4832"}],"wp:attachment":[{"href":"http:\/\/ewig.es\/index.php\/wp-json\/wp\/v2\/media?parent=4831"}],"wp:term":[{"taxonomy":"category","embeddable":true,"href":"http:\/\/ewig.es\/index.php\/wp-json\/wp\/v2\/categories?post=4831"},{"taxonomy":"post_tag","embeddable":true,"href":"http:\/\/ewig.es\/index.php\/wp-json\/wp\/v2\/tags?post=4831"}],"curies":[{"name":"wp","href":"https:\/\/api.w.org\/{rel}","templated":true}]}}