{"id":4859,"date":"2022-09-29T19:33:06","date_gmt":"2022-09-29T17:33:06","guid":{"rendered":"http:\/\/ewig.es\/?p=4859"},"modified":"2022-09-29T19:36:23","modified_gmt":"2022-09-29T17:36:23","slug":"um-12-uhr-hatte-es-7-c","status":"publish","type":"post","link":"http:\/\/ewig.es\/index.php\/2022\/09\/29\/um-12-uhr-hatte-es-7-c\/","title":{"rendered":"Um 12 Uhr hatte es 7\u00b0 C."},"content":{"rendered":"\n<p class=\"wp-block-paragraph\">Und es regnete.<\/p>\n\n\n\n<p class=\"wp-block-paragraph\">Ich bin ja bereit, mich langsam an die Tatsache des nahenden Winters zu gew\u00f6hnen, aber das ist schon ein Wintertag.<\/p>\n\n\n\n<p class=\"wp-block-paragraph\">Und da ich eh schon seit \u00fcber einer Woche t\u00e4glich mit dem Rad unterwegs war, mache ich heute Pause und lege lieber Holz nach.<\/p>\n\n\n\n<p class=\"wp-block-paragraph\">Nach den Waln\u00fcssen und den Pilzen will ich mich wieder um Brennholz k\u00fcmmern, meinem pers\u00f6nlichen &#8222;Klopapier.&#8220; Manchen Spleen g\u00f6nne ich mir ja gerne. \ud83d\ude42<\/p>\n\n\n\n<p class=\"wp-block-paragraph\">Die Weltuntergangsvideos auf Youtube haben Hochkonjunktur, aber wenn schon Weltuntergang, dann zumindest nicht frierend, sofern ich es verhindern kann. \ud83d\ude42<\/p>\n\n\n\n<p class=\"wp-block-paragraph\">Ich m\u00f6chte auch gar nicht zu den Spekulationen, was da kommen mag, beitragen &#8211; so reizvoll es w\u00e4re \ud83d\ude42 &#8211; denn ich wei\u00df es schlicht und einfach nicht.<\/p>\n\n\n\n<p class=\"wp-block-paragraph\">Dieses Jahr verloren die Schweizer Alpengletscher 6 % ihrer Eismasse. Alle vier Nord-Stream-Leitungen haben ein Loch (noch unbekannter Ursache, aller Spekulationen zum Trotze \ud83d\ude42 ). Daraus blubbert das Methan, das verbrannt nur 1\/20 so stark zur weiteren Erderw\u00e4rmung beitr\u00fcge. Aber nun soll ein gro\u00dfer Teil der Leitungen schon abgesoffen sein und zur gr\u00f6\u00dften Bauruine der Neuzeit werden.  <\/p>\n\n\n\n<p class=\"wp-block-paragraph\">Zugegeben, es sieht nicht wirklich gut aus, daher lagert mein inneres Eichh\u00f6rnchen auch so viel ein. \ud83d\ude42<\/p>\n\n\n\n<p class=\"wp-block-paragraph\">Aber eine verbindliche Prognose ist das nicht. <\/p>\n\n\n\n<p class=\"wp-block-paragraph\">Alleine schon die Schlagzeile: &#8222;Putin (aus dem Fenster) gest\u00fcrzt&#8220;, k\u00f6nnte viele Karten neu mischen. <\/p>\n\n\n\n<p class=\"wp-block-paragraph\">Wir sitzen derzeit wie ohnm\u00e4chtig auf einem Pulverfass, aber wer h\u00e4tte 2019, noch vor der Pandemie, den Herbst 2022 halbwegs treffend voraussagen k\u00f6nnen? Niemand.<\/p>\n\n\n\n<p class=\"wp-block-paragraph\">Daher kann ich die Frage nach der Zukunft nur mit: &#8222;\u00fcber meine Bef\u00fcrchtungen und Erwartungen hinaus wei\u00df ich es nicht&#8220;, beantworten. <\/p>\n\n\n\n<p class=\"wp-block-paragraph\"><\/p>\n<div class=\"clearfix\"><span class='ldc-ul_cont' onclick=\"alter_ul_post_values(this,'4859','like')\" >gef\u00e4llt mir<img decoding=\"async\" src=\"http:\/\/ewig.es\/wordpress\/wp-content\/plugins\/like-dislike-counter-for-posts-pages-and-comments\/images\/up.png\" \/>(<span>3<\/span>)<\/span><span class='ldc-ul_cont' onclick=\"alter_ul_post_values(this,'4859','dislike')\" ><img decoding=\"async\" src=\"http:\/\/ewig.es\/wordpress\/wp-content\/plugins\/like-dislike-counter-for-posts-pages-and-comments\/images\/down.png\" \/>(<span>0<\/span>)<\/span><\/div>","protected":false},"excerpt":{"rendered":"<p>Und es regnete. Ich bin ja bereit, mich langsam an die Tatsache des nahenden Winters zu gew\u00f6hnen, aber das ist schon ein Wintertag. Und da ich eh schon seit \u00fcber einer Woche t\u00e4glich mit dem Rad unterwegs war, mache ich heute Pause und lege lieber Holz nach. Nach den Waln\u00fcssen und den Pilzen will ich &hellip; <a href=\"http:\/\/ewig.es\/index.php\/2022\/09\/29\/um-12-uhr-hatte-es-7-c\/\" class=\"more-link\"><span class=\"screen-reader-text\">\u201eUm 12 Uhr hatte es 7\u00b0 C.\u201c<\/span> weiterlesen<\/a><\/p>\n","protected":false},"author":1,"featured_media":0,"comment_status":"open","ping_status":"closed","sticky":false,"template":"","format":"standard","meta":{"footnotes":""},"categories":[1],"tags":[],"class_list":["post-4859","post","type-post","status-publish","format-standard","hentry","category-tagebuch"],"_links":{"self":[{"href":"http:\/\/ewig.es\/index.php\/wp-json\/wp\/v2\/posts\/4859","targetHints":{"allow":["GET"]}}],"collection":[{"href":"http:\/\/ewig.es\/index.php\/wp-json\/wp\/v2\/posts"}],"about":[{"href":"http:\/\/ewig.es\/index.php\/wp-json\/wp\/v2\/types\/post"}],"author":[{"embeddable":true,"href":"http:\/\/ewig.es\/index.php\/wp-json\/wp\/v2\/users\/1"}],"replies":[{"embeddable":true,"href":"http:\/\/ewig.es\/index.php\/wp-json\/wp\/v2\/comments?post=4859"}],"version-history":[{"count":2,"href":"http:\/\/ewig.es\/index.php\/wp-json\/wp\/v2\/posts\/4859\/revisions"}],"predecessor-version":[{"id":4861,"href":"http:\/\/ewig.es\/index.php\/wp-json\/wp\/v2\/posts\/4859\/revisions\/4861"}],"wp:attachment":[{"href":"http:\/\/ewig.es\/index.php\/wp-json\/wp\/v2\/media?parent=4859"}],"wp:term":[{"taxonomy":"category","embeddable":true,"href":"http:\/\/ewig.es\/index.php\/wp-json\/wp\/v2\/categories?post=4859"},{"taxonomy":"post_tag","embeddable":true,"href":"http:\/\/ewig.es\/index.php\/wp-json\/wp\/v2\/tags?post=4859"}],"curies":[{"name":"wp","href":"https:\/\/api.w.org\/{rel}","templated":true}]}}