{"id":4865,"date":"2022-09-30T11:42:09","date_gmt":"2022-09-30T09:42:09","guid":{"rendered":"http:\/\/ewig.es\/?p=4865"},"modified":"2022-09-30T11:42:09","modified_gmt":"2022-09-30T09:42:09","slug":"es-war-etwas-nebelig","status":"publish","type":"post","link":"http:\/\/ewig.es\/index.php\/2022\/09\/30\/es-war-etwas-nebelig\/","title":{"rendered":"Es war etwas nebelig,"},"content":{"rendered":"\n<p class=\"wp-block-paragraph\">aber bald kam die Sonne raus, ich radelte los, traf Ursula, die Steinpilze bestellte.<\/p>\n\n\n\n<p class=\"wp-block-paragraph\">Das Bild ist hinter Valleroy, Richtung Gilley. Dort stehen mehrere Walnussb\u00e4ume an der Stra\u00dfe. Einer hat recht kleine N\u00fcsse, siehe Foto.<\/p>\n\n\n\n<p class=\"wp-block-paragraph\">So habe ich am Vormittag bereits 22 kg Waln\u00fcsse er-eichhornt.<\/p>\n\n\n\n<p class=\"wp-block-paragraph\">So langsam wird auch der Platz knapp. <\/p>\n\n\n\n<figure class=\"wp-block-image size-large\"><img loading=\"lazy\" decoding=\"async\" width=\"4000\" height=\"3000\" src=\"http:\/\/ewig.es\/wordpress\/wp-content\/uploads\/P1010041-4000x3000.jpg\" alt=\"\" class=\"wp-image-4866\" srcset=\"http:\/\/ewig.es\/wordpress\/wp-content\/uploads\/P1010041-4000x3000.jpg 4000w, http:\/\/ewig.es\/wordpress\/wp-content\/uploads\/P1010041-2000x1500.jpg 2000w, http:\/\/ewig.es\/wordpress\/wp-content\/uploads\/P1010041-150x113.jpg 150w, http:\/\/ewig.es\/wordpress\/wp-content\/uploads\/P1010041-1536x1152.jpg 1536w, http:\/\/ewig.es\/wordpress\/wp-content\/uploads\/P1010041-2048x1536.jpg 2048w, http:\/\/ewig.es\/wordpress\/wp-content\/uploads\/P1010041-1200x900.jpg 1200w\" sizes=\"auto, (max-width: 709px) 85vw, (max-width: 909px) 67vw, (max-width: 1362px) 62vw, 840px\" \/><\/figure>\n\n\n\n<figure class=\"wp-block-image size-large\"><img loading=\"lazy\" decoding=\"async\" width=\"4000\" height=\"3000\" src=\"http:\/\/ewig.es\/wordpress\/wp-content\/uploads\/P1010045-4000x3000.jpg\" alt=\"\" class=\"wp-image-4867\" srcset=\"http:\/\/ewig.es\/wordpress\/wp-content\/uploads\/P1010045-4000x3000.jpg 4000w, http:\/\/ewig.es\/wordpress\/wp-content\/uploads\/P1010045-2000x1500.jpg 2000w, http:\/\/ewig.es\/wordpress\/wp-content\/uploads\/P1010045-150x113.jpg 150w, http:\/\/ewig.es\/wordpress\/wp-content\/uploads\/P1010045-1536x1152.jpg 1536w, http:\/\/ewig.es\/wordpress\/wp-content\/uploads\/P1010045-2048x1536.jpg 2048w, http:\/\/ewig.es\/wordpress\/wp-content\/uploads\/P1010045-1200x900.jpg 1200w\" sizes=\"auto, (max-width: 709px) 85vw, (max-width: 909px) 67vw, (max-width: 1362px) 62vw, 840px\" \/><figcaption>Viele kleine Waln\u00fcsse.<\/figcaption><\/figure>\n\n\n\n<figure class=\"wp-block-image size-large\"><img loading=\"lazy\" decoding=\"async\" width=\"4000\" height=\"3000\" src=\"http:\/\/ewig.es\/wordpress\/wp-content\/uploads\/P1010047-4000x3000.jpg\" alt=\"\" class=\"wp-image-4868\" srcset=\"http:\/\/ewig.es\/wordpress\/wp-content\/uploads\/P1010047-4000x3000.jpg 4000w, http:\/\/ewig.es\/wordpress\/wp-content\/uploads\/P1010047-2000x1500.jpg 2000w, http:\/\/ewig.es\/wordpress\/wp-content\/uploads\/P1010047-150x113.jpg 150w, http:\/\/ewig.es\/wordpress\/wp-content\/uploads\/P1010047-1536x1152.jpg 1536w, http:\/\/ewig.es\/wordpress\/wp-content\/uploads\/P1010047-2048x1536.jpg 2048w, http:\/\/ewig.es\/wordpress\/wp-content\/uploads\/P1010047-1200x900.jpg 1200w\" sizes=\"auto, (max-width: 709px) 85vw, (max-width: 909px) 67vw, (max-width: 1362px) 62vw, 840px\" \/><\/figure>\n<div class=\"clearfix\"><span class='ldc-ul_cont' onclick=\"alter_ul_post_values(this,'4865','like')\" >gef\u00e4llt mir<img decoding=\"async\" src=\"http:\/\/ewig.es\/wordpress\/wp-content\/plugins\/like-dislike-counter-for-posts-pages-and-comments\/images\/up.png\" \/>(<span>3<\/span>)<\/span><span class='ldc-ul_cont' onclick=\"alter_ul_post_values(this,'4865','dislike')\" ><img decoding=\"async\" src=\"http:\/\/ewig.es\/wordpress\/wp-content\/plugins\/like-dislike-counter-for-posts-pages-and-comments\/images\/down.png\" \/>(<span>0<\/span>)<\/span><\/div>","protected":false},"excerpt":{"rendered":"<p>aber bald kam die Sonne raus, ich radelte los, traf Ursula, die Steinpilze bestellte. Das Bild ist hinter Valleroy, Richtung Gilley. Dort stehen mehrere Walnussb\u00e4ume an der Stra\u00dfe. Einer hat recht kleine N\u00fcsse, siehe Foto. So habe ich am Vormittag bereits 22 kg Waln\u00fcsse er-eichhornt. So langsam wird auch der Platz knapp. gef\u00e4llt mir(3)(0)<\/p>\n","protected":false},"author":1,"featured_media":0,"comment_status":"open","ping_status":"closed","sticky":false,"template":"","format":"standard","meta":{"footnotes":""},"categories":[1],"tags":[],"class_list":["post-4865","post","type-post","status-publish","format-standard","hentry","category-tagebuch"],"_links":{"self":[{"href":"http:\/\/ewig.es\/index.php\/wp-json\/wp\/v2\/posts\/4865","targetHints":{"allow":["GET"]}}],"collection":[{"href":"http:\/\/ewig.es\/index.php\/wp-json\/wp\/v2\/posts"}],"about":[{"href":"http:\/\/ewig.es\/index.php\/wp-json\/wp\/v2\/types\/post"}],"author":[{"embeddable":true,"href":"http:\/\/ewig.es\/index.php\/wp-json\/wp\/v2\/users\/1"}],"replies":[{"embeddable":true,"href":"http:\/\/ewig.es\/index.php\/wp-json\/wp\/v2\/comments?post=4865"}],"version-history":[{"count":1,"href":"http:\/\/ewig.es\/index.php\/wp-json\/wp\/v2\/posts\/4865\/revisions"}],"predecessor-version":[{"id":4869,"href":"http:\/\/ewig.es\/index.php\/wp-json\/wp\/v2\/posts\/4865\/revisions\/4869"}],"wp:attachment":[{"href":"http:\/\/ewig.es\/index.php\/wp-json\/wp\/v2\/media?parent=4865"}],"wp:term":[{"taxonomy":"category","embeddable":true,"href":"http:\/\/ewig.es\/index.php\/wp-json\/wp\/v2\/categories?post=4865"},{"taxonomy":"post_tag","embeddable":true,"href":"http:\/\/ewig.es\/index.php\/wp-json\/wp\/v2\/tags?post=4865"}],"curies":[{"name":"wp","href":"https:\/\/api.w.org\/{rel}","templated":true}]}}