{"id":4870,"date":"2022-09-30T12:31:04","date_gmt":"2022-09-30T10:31:04","guid":{"rendered":"http:\/\/ewig.es\/?p=4870"},"modified":"2022-09-30T12:32:41","modified_gmt":"2022-09-30T10:32:41","slug":"das-walnuss-experiment","status":"publish","type":"post","link":"http:\/\/ewig.es\/index.php\/2022\/09\/30\/das-walnuss-experiment\/","title":{"rendered":"Das Walnuss-Experiment."},"content":{"rendered":"\n<p class=\"wp-block-paragraph\">Je mehr ich mich mit der Walnuss besch\u00e4ftigte, desto klarer wurde mir, dass sie der ideale Wintervorrat f\u00fcr meine (geplante) Geschichte ist. Mitunter habe ich so viele gesammelt, um einsch\u00e4tzen zu k\u00f6nnen, wie viel Aufwand das bedeutet. <\/p>\n\n\n\n<p class=\"wp-block-paragraph\">Die Walnuss ist schon verpackt (Schale) und h\u00e4lt getrocknet fast ewig, au\u00dfer dass sie nach einem Jahr etwas ranzig schmeckt.<\/p>\n\n\n\n<p class=\"wp-block-paragraph\">Sie enth\u00e4lt hochwertiges Fett, auch viel Eiwei\u00df (Muskeln) und Mineralien. Um durch die grobe Winterzeit zu kommen (100 Tage), m\u00fcssten um die 60 kg Waln\u00fcsse reichen. <\/p>\n\n\n\n<p class=\"wp-block-paragraph\">N\u00fcsse als Wintervorrat sind bei Nagetieren beliebt. Ich muss nichts einkochen oder verpacken&#8230; nur gut verstecken k\u00f6nnen. \ud83d\ude42<\/p>\n\n\n\n<p class=\"wp-block-paragraph\">Am Nachmittag will ich nochmals los. In den Wald&#8230; <\/p>\n<div class=\"clearfix\"><span class='ldc-ul_cont' onclick=\"alter_ul_post_values(this,'4870','like')\" >gef\u00e4llt mir<img decoding=\"async\" src=\"http:\/\/ewig.es\/wordpress\/wp-content\/plugins\/like-dislike-counter-for-posts-pages-and-comments\/images\/up.png\" \/>(<span>4<\/span>)<\/span><span class='ldc-ul_cont' onclick=\"alter_ul_post_values(this,'4870','dislike')\" ><img decoding=\"async\" src=\"http:\/\/ewig.es\/wordpress\/wp-content\/plugins\/like-dislike-counter-for-posts-pages-and-comments\/images\/down.png\" \/>(<span>0<\/span>)<\/span><\/div>","protected":false},"excerpt":{"rendered":"<p>Je mehr ich mich mit der Walnuss besch\u00e4ftigte, desto klarer wurde mir, dass sie der ideale Wintervorrat f\u00fcr meine (geplante) Geschichte ist. Mitunter habe ich so viele gesammelt, um einsch\u00e4tzen zu k\u00f6nnen, wie viel Aufwand das bedeutet. Die Walnuss ist schon verpackt (Schale) und h\u00e4lt getrocknet fast ewig, au\u00dfer dass sie nach einem Jahr etwas &hellip; <a href=\"http:\/\/ewig.es\/index.php\/2022\/09\/30\/das-walnuss-experiment\/\" class=\"more-link\"><span class=\"screen-reader-text\">\u201eDas Walnuss-Experiment.\u201c<\/span> weiterlesen<\/a><\/p>\n","protected":false},"author":1,"featured_media":0,"comment_status":"open","ping_status":"closed","sticky":false,"template":"","format":"standard","meta":{"footnotes":""},"categories":[1],"tags":[],"class_list":["post-4870","post","type-post","status-publish","format-standard","hentry","category-tagebuch"],"_links":{"self":[{"href":"http:\/\/ewig.es\/index.php\/wp-json\/wp\/v2\/posts\/4870","targetHints":{"allow":["GET"]}}],"collection":[{"href":"http:\/\/ewig.es\/index.php\/wp-json\/wp\/v2\/posts"}],"about":[{"href":"http:\/\/ewig.es\/index.php\/wp-json\/wp\/v2\/types\/post"}],"author":[{"embeddable":true,"href":"http:\/\/ewig.es\/index.php\/wp-json\/wp\/v2\/users\/1"}],"replies":[{"embeddable":true,"href":"http:\/\/ewig.es\/index.php\/wp-json\/wp\/v2\/comments?post=4870"}],"version-history":[{"count":2,"href":"http:\/\/ewig.es\/index.php\/wp-json\/wp\/v2\/posts\/4870\/revisions"}],"predecessor-version":[{"id":4872,"href":"http:\/\/ewig.es\/index.php\/wp-json\/wp\/v2\/posts\/4870\/revisions\/4872"}],"wp:attachment":[{"href":"http:\/\/ewig.es\/index.php\/wp-json\/wp\/v2\/media?parent=4870"}],"wp:term":[{"taxonomy":"category","embeddable":true,"href":"http:\/\/ewig.es\/index.php\/wp-json\/wp\/v2\/categories?post=4870"},{"taxonomy":"post_tag","embeddable":true,"href":"http:\/\/ewig.es\/index.php\/wp-json\/wp\/v2\/tags?post=4870"}],"curies":[{"name":"wp","href":"https:\/\/api.w.org\/{rel}","templated":true}]}}