{"id":4873,"date":"2022-09-30T14:58:59","date_gmt":"2022-09-30T12:58:59","guid":{"rendered":"http:\/\/ewig.es\/?p=4873"},"modified":"2022-09-30T14:59:40","modified_gmt":"2022-09-30T12:59:40","slug":"ich-zog-nochmals-los","status":"publish","type":"post","link":"http:\/\/ewig.es\/index.php\/2022\/09\/30\/ich-zog-nochmals-los\/","title":{"rendered":"Ich zog nochmals los,"},"content":{"rendered":"\n<p class=\"wp-block-paragraph\">eine Runde \u00fcber Savigny, aber dort gab es nicht mehr viele Waln\u00fcsse.<\/p>\n\n\n\n<p class=\"wp-block-paragraph\">Dann nach Pressigny und zur\u00fcck durch den Wald.<\/p>\n\n\n\n<p class=\"wp-block-paragraph\">Und ich fand reichlich Steinpilze, so dass ich einen Teil bei Ursula vor die T\u00fcre stellte, denn die wollte ja unbedingt Steinpilze. Hier wachsen zwei Sorten, siehe Bilder:<\/p>\n\n\n\n<figure class=\"wp-block-image size-large\"><img loading=\"lazy\" decoding=\"async\" width=\"4000\" height=\"3000\" src=\"http:\/\/ewig.es\/wordpress\/wp-content\/uploads\/P1010050-4000x3000.jpg\" alt=\"\" class=\"wp-image-4874\" srcset=\"http:\/\/ewig.es\/wordpress\/wp-content\/uploads\/P1010050-4000x3000.jpg 4000w, http:\/\/ewig.es\/wordpress\/wp-content\/uploads\/P1010050-2000x1500.jpg 2000w, http:\/\/ewig.es\/wordpress\/wp-content\/uploads\/P1010050-150x113.jpg 150w, http:\/\/ewig.es\/wordpress\/wp-content\/uploads\/P1010050-1536x1152.jpg 1536w, http:\/\/ewig.es\/wordpress\/wp-content\/uploads\/P1010050-2048x1536.jpg 2048w, http:\/\/ewig.es\/wordpress\/wp-content\/uploads\/P1010050-1200x900.jpg 1200w\" sizes=\"auto, (max-width: 709px) 85vw, (max-width: 909px) 67vw, (max-width: 1362px) 62vw, 840px\" \/><\/figure>\n\n\n\n<figure class=\"wp-block-image size-large\"><img loading=\"lazy\" decoding=\"async\" width=\"4000\" height=\"3000\" src=\"http:\/\/ewig.es\/wordpress\/wp-content\/uploads\/P1010055-4000x3000.jpg\" alt=\"\" class=\"wp-image-4875\" srcset=\"http:\/\/ewig.es\/wordpress\/wp-content\/uploads\/P1010055-4000x3000.jpg 4000w, http:\/\/ewig.es\/wordpress\/wp-content\/uploads\/P1010055-2000x1500.jpg 2000w, http:\/\/ewig.es\/wordpress\/wp-content\/uploads\/P1010055-150x113.jpg 150w, http:\/\/ewig.es\/wordpress\/wp-content\/uploads\/P1010055-1536x1152.jpg 1536w, http:\/\/ewig.es\/wordpress\/wp-content\/uploads\/P1010055-2048x1536.jpg 2048w, http:\/\/ewig.es\/wordpress\/wp-content\/uploads\/P1010055-1200x900.jpg 1200w\" sizes=\"auto, (max-width: 709px) 85vw, (max-width: 909px) 67vw, (max-width: 1362px) 62vw, 840px\" \/><figcaption>Leider den Foto verstellt, daher diese seltsamen Farben. <\/figcaption><\/figure>\n<div class=\"clearfix\"><span class='ldc-ul_cont' onclick=\"alter_ul_post_values(this,'4873','like')\" >gef\u00e4llt mir<img decoding=\"async\" src=\"http:\/\/ewig.es\/wordpress\/wp-content\/plugins\/like-dislike-counter-for-posts-pages-and-comments\/images\/up.png\" \/>(<span>4<\/span>)<\/span><span class='ldc-ul_cont' onclick=\"alter_ul_post_values(this,'4873','dislike')\" ><img decoding=\"async\" src=\"http:\/\/ewig.es\/wordpress\/wp-content\/plugins\/like-dislike-counter-for-posts-pages-and-comments\/images\/down.png\" \/>(<span>0<\/span>)<\/span><\/div>","protected":false},"excerpt":{"rendered":"<p>eine Runde \u00fcber Savigny, aber dort gab es nicht mehr viele Waln\u00fcsse. Dann nach Pressigny und zur\u00fcck durch den Wald. Und ich fand reichlich Steinpilze, so dass ich einen Teil bei Ursula vor die T\u00fcre stellte, denn die wollte ja unbedingt Steinpilze. Hier wachsen zwei Sorten, siehe Bilder: gef\u00e4llt mir(4)(0)<\/p>\n","protected":false},"author":1,"featured_media":0,"comment_status":"open","ping_status":"closed","sticky":false,"template":"","format":"standard","meta":{"footnotes":""},"categories":[1],"tags":[],"class_list":["post-4873","post","type-post","status-publish","format-standard","hentry","category-tagebuch"],"_links":{"self":[{"href":"http:\/\/ewig.es\/index.php\/wp-json\/wp\/v2\/posts\/4873","targetHints":{"allow":["GET"]}}],"collection":[{"href":"http:\/\/ewig.es\/index.php\/wp-json\/wp\/v2\/posts"}],"about":[{"href":"http:\/\/ewig.es\/index.php\/wp-json\/wp\/v2\/types\/post"}],"author":[{"embeddable":true,"href":"http:\/\/ewig.es\/index.php\/wp-json\/wp\/v2\/users\/1"}],"replies":[{"embeddable":true,"href":"http:\/\/ewig.es\/index.php\/wp-json\/wp\/v2\/comments?post=4873"}],"version-history":[{"count":3,"href":"http:\/\/ewig.es\/index.php\/wp-json\/wp\/v2\/posts\/4873\/revisions"}],"predecessor-version":[{"id":4878,"href":"http:\/\/ewig.es\/index.php\/wp-json\/wp\/v2\/posts\/4873\/revisions\/4878"}],"wp:attachment":[{"href":"http:\/\/ewig.es\/index.php\/wp-json\/wp\/v2\/media?parent=4873"}],"wp:term":[{"taxonomy":"category","embeddable":true,"href":"http:\/\/ewig.es\/index.php\/wp-json\/wp\/v2\/categories?post=4873"},{"taxonomy":"post_tag","embeddable":true,"href":"http:\/\/ewig.es\/index.php\/wp-json\/wp\/v2\/tags?post=4873"}],"curies":[{"name":"wp","href":"https:\/\/api.w.org\/{rel}","templated":true}]}}