{"id":4885,"date":"2022-10-02T19:15:47","date_gmt":"2022-10-02T17:15:47","guid":{"rendered":"http:\/\/ewig.es\/?p=4885"},"modified":"2022-10-02T19:15:47","modified_gmt":"2022-10-02T17:15:47","slug":"vorhin-holte-der-fuchs-ein-kueken","status":"publish","type":"post","link":"http:\/\/ewig.es\/index.php\/2022\/10\/02\/vorhin-holte-der-fuchs-ein-kueken\/","title":{"rendered":"Vorhin holte der Fuchs ein K\u00fcken,"},"content":{"rendered":"\n<p class=\"wp-block-paragraph\">ich sah seinen braunen R\u00fccken durch die Brennnesseln entschwinden, was mich traurig stimmte. <\/p>\n\n\n\n<p class=\"wp-block-paragraph\">Am Vormittag regnete es. Mir tut heute alles weh, mein &#8222;Muskelrheuma&#8220; oder &#8222;was auch immer, keine Ahnung&#8220;.<\/p>\n\n\n\n<p class=\"wp-block-paragraph\">Trotzdem radelte in den Wald, der durch die vielen bunten Pilze im Regen derzeit eine sehr geheimnisvolle Atmosph\u00e4re ausstrahlt. <\/p>\n\n\n\n<p class=\"wp-block-paragraph\">Bald war eine Jagd westlich und eine Jagd \u00f6stlich von mir, wie gerne am Wochenende, Hunde jaulten, Gewehre knallten, aber ich suchte in Ruhe weiter und fand f\u00fcr eine volle Satteltasche Steinpilze. Dann erreichte ich die \u00f6stliche Jagd, da sa\u00df ein J\u00e4ger an einem Baum. Und er erkl\u00e4rte mir, in welche Richtung sie schie\u00dfen und in welche ich suchen kann.<\/p>\n\n\n\n<p class=\"wp-block-paragraph\">Einen Teil der Pilze verschenkte ich, die restlichen s\u00e4uberte ich und schnitt die Pilze klein. Nun trocknen sie auf dem Ofen.<\/p>\n\n\n\n<p class=\"wp-block-paragraph\">Getrocknete Steinpilze sind ein Luxus im Wintervorrat.  <\/p>\n\n\n\n<p class=\"wp-block-paragraph\">Die n\u00e4chsten Tage soll sch\u00f6ner werden. Und ich werde wohl Pilze suchen. Waln\u00fcsse habe ich inzwischen  mehr als ich und die Eichh\u00f6rnchen den Winter \u00fcber essen k\u00f6nnen.<\/p>\n\n\n\n<p class=\"wp-block-paragraph\">Das war heute mit dem Rad im Wald eine rechte Schlammschlacht, aber die Pilze verstecken sich gerne. \ud83d\ude42<\/p>\n\n\n\n<p class=\"wp-block-paragraph\"><\/p>\n<div class=\"clearfix\"><span class='ldc-ul_cont' onclick=\"alter_ul_post_values(this,'4885','like')\" >gef\u00e4llt mir<img decoding=\"async\" src=\"http:\/\/ewig.es\/wordpress\/wp-content\/plugins\/like-dislike-counter-for-posts-pages-and-comments\/images\/up.png\" \/>(<span>2<\/span>)<\/span><span class='ldc-ul_cont' onclick=\"alter_ul_post_values(this,'4885','dislike')\" ><img decoding=\"async\" src=\"http:\/\/ewig.es\/wordpress\/wp-content\/plugins\/like-dislike-counter-for-posts-pages-and-comments\/images\/down.png\" \/>(<span>0<\/span>)<\/span><\/div>","protected":false},"excerpt":{"rendered":"<p>ich sah seinen braunen R\u00fccken durch die Brennnesseln entschwinden, was mich traurig stimmte. Am Vormittag regnete es. Mir tut heute alles weh, mein &#8222;Muskelrheuma&#8220; oder &#8222;was auch immer, keine Ahnung&#8220;. Trotzdem radelte in den Wald, der durch die vielen bunten Pilze im Regen derzeit eine sehr geheimnisvolle Atmosph\u00e4re ausstrahlt. Bald war eine Jagd westlich und &hellip; <a href=\"http:\/\/ewig.es\/index.php\/2022\/10\/02\/vorhin-holte-der-fuchs-ein-kueken\/\" class=\"more-link\"><span class=\"screen-reader-text\">\u201eVorhin holte der Fuchs ein K\u00fcken,\u201c<\/span> weiterlesen<\/a><\/p>\n","protected":false},"author":1,"featured_media":0,"comment_status":"open","ping_status":"closed","sticky":false,"template":"","format":"standard","meta":{"footnotes":""},"categories":[1],"tags":[],"class_list":["post-4885","post","type-post","status-publish","format-standard","hentry","category-tagebuch"],"_links":{"self":[{"href":"http:\/\/ewig.es\/index.php\/wp-json\/wp\/v2\/posts\/4885","targetHints":{"allow":["GET"]}}],"collection":[{"href":"http:\/\/ewig.es\/index.php\/wp-json\/wp\/v2\/posts"}],"about":[{"href":"http:\/\/ewig.es\/index.php\/wp-json\/wp\/v2\/types\/post"}],"author":[{"embeddable":true,"href":"http:\/\/ewig.es\/index.php\/wp-json\/wp\/v2\/users\/1"}],"replies":[{"embeddable":true,"href":"http:\/\/ewig.es\/index.php\/wp-json\/wp\/v2\/comments?post=4885"}],"version-history":[{"count":1,"href":"http:\/\/ewig.es\/index.php\/wp-json\/wp\/v2\/posts\/4885\/revisions"}],"predecessor-version":[{"id":4886,"href":"http:\/\/ewig.es\/index.php\/wp-json\/wp\/v2\/posts\/4885\/revisions\/4886"}],"wp:attachment":[{"href":"http:\/\/ewig.es\/index.php\/wp-json\/wp\/v2\/media?parent=4885"}],"wp:term":[{"taxonomy":"category","embeddable":true,"href":"http:\/\/ewig.es\/index.php\/wp-json\/wp\/v2\/categories?post=4885"},{"taxonomy":"post_tag","embeddable":true,"href":"http:\/\/ewig.es\/index.php\/wp-json\/wp\/v2\/tags?post=4885"}],"curies":[{"name":"wp","href":"https:\/\/api.w.org\/{rel}","templated":true}]}}