{"id":4899,"date":"2022-10-05T15:52:41","date_gmt":"2022-10-05T13:52:41","guid":{"rendered":"http:\/\/ewig.es\/?p=4899"},"modified":"2022-10-05T15:54:08","modified_gmt":"2022-10-05T13:54:08","slug":"gegen-mittag-riss-der-hochnebel-auf","status":"publish","type":"post","link":"http:\/\/ewig.es\/index.php\/2022\/10\/05\/gegen-mittag-riss-der-hochnebel-auf\/","title":{"rendered":"Gegen Mittag riss der Hochnebel auf."},"content":{"rendered":"\n<p class=\"wp-block-paragraph\">Ich machte einen Ausflug, der darin endete, dass ich wieder mit \u00fcber 20 kg Waln\u00fcssen heimkam. Beide Gep\u00e4cktaschen prall gef\u00fcllt.<\/p>\n\n\n\n<p class=\"wp-block-paragraph\">Ein einsamer Walnussbaum mit recht kleinen N\u00fcssen, die niemand wollte. <\/p>\n\n\n\n<p class=\"wp-block-paragraph\">Ich denke, das war es dann wohl mit den Waln\u00fcssen. Sind wohl alle unten.<\/p>\n\n\n\n<p class=\"wp-block-paragraph\">Und dass welche \u00fcbrig bleiben, glaube ich nocht, da ich im Winter auch die Eichh\u00f6rnchen f\u00fcttern will. Und sollte es Problem mit Sonnenblumenkernen geben, bekommen die V\u00f6gel aufgeschlagene Waln\u00fcsse. Sie sind ganz wild drauf.<\/p>\n\n\n\n<p class=\"wp-block-paragraph\">Die K\u00fcken hatte ich zwei Tage eingesperrt, in der Hoffnung, dass dem Fuchs zu langweilig wird. Heute durften sie wieder in den Garten.  <\/p>\n<div class=\"clearfix\"><span class='ldc-ul_cont' onclick=\"alter_ul_post_values(this,'4899','like')\" >gef\u00e4llt mir<img decoding=\"async\" src=\"http:\/\/ewig.es\/wordpress\/wp-content\/plugins\/like-dislike-counter-for-posts-pages-and-comments\/images\/up.png\" \/>(<span>3<\/span>)<\/span><span class='ldc-ul_cont' onclick=\"alter_ul_post_values(this,'4899','dislike')\" ><img decoding=\"async\" src=\"http:\/\/ewig.es\/wordpress\/wp-content\/plugins\/like-dislike-counter-for-posts-pages-and-comments\/images\/down.png\" \/>(<span>0<\/span>)<\/span><\/div>","protected":false},"excerpt":{"rendered":"<p>Ich machte einen Ausflug, der darin endete, dass ich wieder mit \u00fcber 20 kg Waln\u00fcssen heimkam. Beide Gep\u00e4cktaschen prall gef\u00fcllt. Ein einsamer Walnussbaum mit recht kleinen N\u00fcssen, die niemand wollte. Ich denke, das war es dann wohl mit den Waln\u00fcssen. Sind wohl alle unten. Und dass welche \u00fcbrig bleiben, glaube ich nocht, da ich im &hellip; <a href=\"http:\/\/ewig.es\/index.php\/2022\/10\/05\/gegen-mittag-riss-der-hochnebel-auf\/\" class=\"more-link\"><span class=\"screen-reader-text\">\u201eGegen Mittag riss der Hochnebel auf.\u201c<\/span> weiterlesen<\/a><\/p>\n","protected":false},"author":1,"featured_media":0,"comment_status":"open","ping_status":"closed","sticky":false,"template":"","format":"standard","meta":{"footnotes":""},"categories":[1],"tags":[],"class_list":["post-4899","post","type-post","status-publish","format-standard","hentry","category-tagebuch"],"_links":{"self":[{"href":"http:\/\/ewig.es\/index.php\/wp-json\/wp\/v2\/posts\/4899","targetHints":{"allow":["GET"]}}],"collection":[{"href":"http:\/\/ewig.es\/index.php\/wp-json\/wp\/v2\/posts"}],"about":[{"href":"http:\/\/ewig.es\/index.php\/wp-json\/wp\/v2\/types\/post"}],"author":[{"embeddable":true,"href":"http:\/\/ewig.es\/index.php\/wp-json\/wp\/v2\/users\/1"}],"replies":[{"embeddable":true,"href":"http:\/\/ewig.es\/index.php\/wp-json\/wp\/v2\/comments?post=4899"}],"version-history":[{"count":2,"href":"http:\/\/ewig.es\/index.php\/wp-json\/wp\/v2\/posts\/4899\/revisions"}],"predecessor-version":[{"id":4901,"href":"http:\/\/ewig.es\/index.php\/wp-json\/wp\/v2\/posts\/4899\/revisions\/4901"}],"wp:attachment":[{"href":"http:\/\/ewig.es\/index.php\/wp-json\/wp\/v2\/media?parent=4899"}],"wp:term":[{"taxonomy":"category","embeddable":true,"href":"http:\/\/ewig.es\/index.php\/wp-json\/wp\/v2\/categories?post=4899"},{"taxonomy":"post_tag","embeddable":true,"href":"http:\/\/ewig.es\/index.php\/wp-json\/wp\/v2\/tags?post=4899"}],"curies":[{"name":"wp","href":"https:\/\/api.w.org\/{rel}","templated":true}]}}