{"id":4905,"date":"2022-10-06T09:33:54","date_gmt":"2022-10-06T07:33:54","guid":{"rendered":"http:\/\/ewig.es\/?p=4905"},"modified":"2022-10-06T09:37:43","modified_gmt":"2022-10-06T07:37:43","slug":"seit-ueber-2-monaten","status":"publish","type":"post","link":"http:\/\/ewig.es\/index.php\/2022\/10\/06\/seit-ueber-2-monaten\/","title":{"rendered":"Seit \u00fcber 2 Monaten"},"content":{"rendered":"\n<p class=\"wp-block-paragraph\">bin ich nun wieder von Facebook weg. Daher kann ich nicht sagen, was sich derzeit in der Querdenkerszene tut.<\/p>\n\n\n\n<p class=\"wp-block-paragraph\">Ich recherchierte in letzter Zeit auch nicht, denn dann frage ich mich nur: &#8222;Wie kann man so bescheuert sein, solchen Mist zu glauben?&#8220;<\/p>\n\n\n\n<p class=\"wp-block-paragraph\">Und die Antwort ist so peinlich, dass ich sie mir gar nicht genauer anschauen will. Das geht mir nicht nur bei &#8222;fremder&#8220; Dummheit so, sondern auch bei &#8222;eigener.&#8220; \ud83d\ude42<\/p>\n\n\n\n<p class=\"wp-block-paragraph\">Meine irrationale Gegenreaktion auf diesen &#8222;Wahn aller Art&#8220;, der t\u00e4glich durch das Glasfaserkabel in meine Behausung quillt: ich heize besonders gr\u00fcndlich. <\/p>\n\n\n\n<p class=\"wp-block-paragraph\">Was hei\u00dft, in meinem Zimmer sind immer noch die Temperaturen der Hitzewelle im August. Und ich will das gar nicht korrigieren. Das ist eine irrationale Reaktion, mit der ich mich nicht streiten will, sondern &#8222;machen lassen.&#8220;<\/p>\n\n\n\n<p class=\"wp-block-paragraph\">Genauso mit den Waln\u00fcssen. Das ist einfach &#8222;irrationale Genetik&#8220;. Und irrationale Genetik \u00e4u\u00dfert sich einfach als 2Lust&#8220;: &#8222;Ich habe Lust, Waln\u00fcsse zu sammeln.&#8220;&#8230; nicht als rationaler Entschluss mit F\u00fcnfjahresprogramm.<\/p>\n\n\n\n<p class=\"wp-block-paragraph\">Is it a bug or a feature? Das darf jede\/r selbst bewerten. Aber: hat es Spa\u00df gemacht, reicht dieser Selbstzweck v\u00f6llig aus, werden auch in der weiteren Geschichte alle N\u00fcsse Opfer eines M\u00e4use\u00fcberfalls. \ud83d\ude42<\/p>\n\n\n\n<p class=\"wp-block-paragraph\">Daher lebe ich derzeit eher &#8222;wie ein Tier&#8220;. Das hat keinen so festen Plan und orientiert sich immer wieder neu an der sich ergebenden Lage.<\/p>\n\n\n\n<p class=\"wp-block-paragraph\">Tiere sind dabei viel pragmatischer als der Mensch und hadern auch nicht lange, ging es in die Hosen. <\/p>\n\n\n\n<p class=\"wp-block-paragraph\">Und diese Lebensweise erscheint mir pers\u00f6nlich am angenehmsten. Wobei mein Schema eher das des Raubtieres ist. Das liegt die meiste Zeit faul herum, aber dann geht es auf die Jagd. Und dabei geht es auch an seine physischen Grenzen. <\/p>\n\n\n\n<p class=\"wp-block-paragraph\">Und das sind so ca. 2 bis 4 Stunden am Tag. Der Rest ist &#8222;Faulenzen&#8220;, &#8222;Nickerchen&#8220;, &#8222;was auch immer.&#8220;<\/p>\n\n\n\n<p class=\"wp-block-paragraph\">Und gerade dieser Kontrast zwischen Anstrengung und Ruhe vertieft die k\u00f6rperliche Entspannung. <\/p>\n\n\n\n<p class=\"wp-block-paragraph\">Der heutige Mensch, zumindest meine pers\u00f6nliche Erfahrung, ist gerne den ganzen Tag angespannt, was wom\u00f6glich mit darin wurzelt, dass die k\u00f6rperliche Anstrengung fehlt. <\/p>\n\n\n\n<p class=\"wp-block-paragraph\">Wenn die da war, f\u00e4llt im Hirn wie ein genetischer Schalter um und damit auch ein gro\u00dfer Teil der Grundanspannung. Eigentlich sind Tiere ja stinkfaul. Man sieht sie halt meist, bewegen sie sich und liegen nicht irgendwo herum. <\/p>\n\n\n\n<p class=\"wp-block-paragraph\">Und mich interessiert derzeit eher das &#8222;Feature&#8220; in dieser pers\u00f6nlichen &#8211; wie auch immer zustande gekommenen Programmierung.<\/p>\n\n\n\n<p class=\"wp-block-paragraph\">Ich mag sie bewerten, wie ich will, minderbewerten, \u00fcberbewerten&#8230; oder auch einfach genie\u00dfen.<\/p>\n\n\n\n<p class=\"wp-block-paragraph\">Und dabei ist mir derzeit meist die Zeit zu schade, lieber ein Nickerchen, als mit den Neuigkeiten in der Querszene up to date zu sein.<\/p>\n\n\n\n<p class=\"wp-block-paragraph\">Und von den beiden QAnon-Heiligen Trump und Putin lese ich eh t\u00e4glich in der Presse. Mein Fresse&#8230; , man muss halt schon der Volldepp sein, solche Leute zum Ideal zu haben&#8230; zu diesem Urteil stehe ich.<\/p>\n<div class=\"clearfix\"><span class='ldc-ul_cont' onclick=\"alter_ul_post_values(this,'4905','like')\" >gef\u00e4llt mir<img decoding=\"async\" src=\"http:\/\/ewig.es\/wordpress\/wp-content\/plugins\/like-dislike-counter-for-posts-pages-and-comments\/images\/up.png\" \/>(<span>5<\/span>)<\/span><span class='ldc-ul_cont' onclick=\"alter_ul_post_values(this,'4905','dislike')\" ><img decoding=\"async\" src=\"http:\/\/ewig.es\/wordpress\/wp-content\/plugins\/like-dislike-counter-for-posts-pages-and-comments\/images\/down.png\" \/>(<span>0<\/span>)<\/span><\/div>","protected":false},"excerpt":{"rendered":"<p>bin ich nun wieder von Facebook weg. Daher kann ich nicht sagen, was sich derzeit in der Querdenkerszene tut. Ich recherchierte in letzter Zeit auch nicht, denn dann frage ich mich nur: &#8222;Wie kann man so bescheuert sein, solchen Mist zu glauben?&#8220; Und die Antwort ist so peinlich, dass ich sie mir gar nicht genauer &hellip; <a href=\"http:\/\/ewig.es\/index.php\/2022\/10\/06\/seit-ueber-2-monaten\/\" class=\"more-link\"><span class=\"screen-reader-text\">\u201eSeit \u00fcber 2 Monaten\u201c<\/span> weiterlesen<\/a><\/p>\n","protected":false},"author":1,"featured_media":0,"comment_status":"open","ping_status":"closed","sticky":false,"template":"","format":"standard","meta":{"footnotes":""},"categories":[1],"tags":[],"class_list":["post-4905","post","type-post","status-publish","format-standard","hentry","category-tagebuch"],"_links":{"self":[{"href":"http:\/\/ewig.es\/index.php\/wp-json\/wp\/v2\/posts\/4905","targetHints":{"allow":["GET"]}}],"collection":[{"href":"http:\/\/ewig.es\/index.php\/wp-json\/wp\/v2\/posts"}],"about":[{"href":"http:\/\/ewig.es\/index.php\/wp-json\/wp\/v2\/types\/post"}],"author":[{"embeddable":true,"href":"http:\/\/ewig.es\/index.php\/wp-json\/wp\/v2\/users\/1"}],"replies":[{"embeddable":true,"href":"http:\/\/ewig.es\/index.php\/wp-json\/wp\/v2\/comments?post=4905"}],"version-history":[{"count":2,"href":"http:\/\/ewig.es\/index.php\/wp-json\/wp\/v2\/posts\/4905\/revisions"}],"predecessor-version":[{"id":4907,"href":"http:\/\/ewig.es\/index.php\/wp-json\/wp\/v2\/posts\/4905\/revisions\/4907"}],"wp:attachment":[{"href":"http:\/\/ewig.es\/index.php\/wp-json\/wp\/v2\/media?parent=4905"}],"wp:term":[{"taxonomy":"category","embeddable":true,"href":"http:\/\/ewig.es\/index.php\/wp-json\/wp\/v2\/categories?post=4905"},{"taxonomy":"post_tag","embeddable":true,"href":"http:\/\/ewig.es\/index.php\/wp-json\/wp\/v2\/tags?post=4905"}],"curies":[{"name":"wp","href":"https:\/\/api.w.org\/{rel}","templated":true}]}}