{"id":4911,"date":"2022-10-07T09:15:25","date_gmt":"2022-10-07T07:15:25","guid":{"rendered":"http:\/\/ewig.es\/?p=4911"},"modified":"2022-10-07T09:19:07","modified_gmt":"2022-10-07T07:19:07","slug":"dieser-tage","status":"publish","type":"post","link":"http:\/\/ewig.es\/index.php\/2022\/10\/07\/dieser-tage\/","title":{"rendered":"Dieser Tage"},"content":{"rendered":"\n<p class=\"wp-block-paragraph\">sortiere ich die Nachrichten in mir erst einmal mit der Bei\u00dfzange, da wir derzeit (sozial) mit einem sehr komplexen &#8222;Bedrohungsszenario&#8220; konfrontiert sind.<\/p>\n\n\n\n<p class=\"wp-block-paragraph\">Gestern schaute ich mir eine Reportage zur Klimaerw\u00e4rmung an, \u00fcber Gletscherm\u00fchlen auf Gr\u00f6nland, in die Schmelzwasser hunderte Meter tief ins Eis versickert und dort Seen bildet, die im Winter nicht mehr einfrieren und so jedes Jahr gr\u00f6\u00dfer werden. Darin leben Mikroorganismen, die durch ihre Abw\u00e4rme den Abtauprozess verst\u00e4rken.<\/p>\n\n\n\n<p class=\"wp-block-paragraph\">Derzeit wird die Frage untersucht, ob das Eisschild auf Gr\u00f6nland einfach nur abschmilzt oder wom\u00f6glich teilweise zu kollabieren droht, schwimmt es immer mehr auf diesen Schmelzwasserseen im Eis.<\/p>\n\n\n\n<p class=\"wp-block-paragraph\">Verlieren die Alpengletscher derzeit um 1 Meter Eisdicke im Jahr, sind es global ca. 50 cm, aber noch erschreckender scheint der Eindruck, schaut Mensch in das Eis hinein, &#8222;Schweizer K\u00e4se&#8220;&#8230; es taut auch unsichtbar von innen weg.<\/p>\n\n\n\n<p class=\"wp-block-paragraph\">Den amerikanischen Langfristprognosen nach (NOAA) k\u00f6nnte der kommende Winter um die 2 Kelvin milder als die neue klimatische Vergleichsperiode ausfallen. Die Wahrscheinlichkeit auf einen extrem milden Winter ist derzeit hoch, was der Energiepolitik den Arsch retten k\u00f6nnte.<\/p>\n\n\n\n<p class=\"wp-block-paragraph\">Ich recherchierte etwas zu den kleinen Waln\u00fcssen, von denen es hier mehrere B\u00e4ume gibt. Es handelt sich wohl um eine Wildform, wie sie hier vor der letzten Eiszeit wuchs. Unklar ist, ob sie von selbst oder mit den R\u00f6mern zur\u00fcckkam.<\/p>\n\n\n\n<p class=\"wp-block-paragraph\">Da die \u00c4skulapnatter hier von den R\u00f6mern als Haustier eingeschleppt wurde, dann verwilderte (Herrchen und Frauchen weg, was nun?), halte ich f\u00fcr gut m\u00f6glich, dass auch die wilde Walnuss mit den R\u00f6mern kam. Die Wissenschaft ist sich nicht einig.<\/p>\n\n\n\n<p class=\"wp-block-paragraph\">Ich m\u00f6chte einige B\u00e4ume dieser Wildform nachz\u00fcchten und &#8211; sind sie etwas gr\u00f6\u00dfer &#8211; auf mein Grundst\u00fcck am Moret pflanzen. <\/p>\n\n\n\n<p class=\"wp-block-paragraph\">Auch einen sonderbaren Wildapfel, der mir R\u00e4tsel aufwirft. Ein Holzapfel scheint es nicht zu sein? Etwas wie ein Mischling aus Birne und Apfel (geschmacklich) und sehr sauer. <\/p>\n\n\n\n<p class=\"wp-block-paragraph\">Allen global agierenden Wahnsinnigen zum Trotze w\u00fcnsche ich meinen Leserinnen und Lesern einen sch\u00f6nen Tag. \ud83d\ude42<\/p>\n<div class=\"clearfix\"><span class='ldc-ul_cont' onclick=\"alter_ul_post_values(this,'4911','like')\" >gef\u00e4llt mir<img decoding=\"async\" src=\"http:\/\/ewig.es\/wordpress\/wp-content\/plugins\/like-dislike-counter-for-posts-pages-and-comments\/images\/up.png\" \/>(<span>4<\/span>)<\/span><span class='ldc-ul_cont' onclick=\"alter_ul_post_values(this,'4911','dislike')\" ><img decoding=\"async\" src=\"http:\/\/ewig.es\/wordpress\/wp-content\/plugins\/like-dislike-counter-for-posts-pages-and-comments\/images\/down.png\" \/>(<span>0<\/span>)<\/span><\/div>","protected":false},"excerpt":{"rendered":"<p>sortiere ich die Nachrichten in mir erst einmal mit der Bei\u00dfzange, da wir derzeit (sozial) mit einem sehr komplexen &#8222;Bedrohungsszenario&#8220; konfrontiert sind. Gestern schaute ich mir eine Reportage zur Klimaerw\u00e4rmung an, \u00fcber Gletscherm\u00fchlen auf Gr\u00f6nland, in die Schmelzwasser hunderte Meter tief ins Eis versickert und dort Seen bildet, die im Winter nicht mehr einfrieren und &hellip; <a href=\"http:\/\/ewig.es\/index.php\/2022\/10\/07\/dieser-tage\/\" class=\"more-link\"><span class=\"screen-reader-text\">\u201eDieser Tage\u201c<\/span> weiterlesen<\/a><\/p>\n","protected":false},"author":1,"featured_media":0,"comment_status":"open","ping_status":"closed","sticky":false,"template":"","format":"standard","meta":{"footnotes":""},"categories":[1],"tags":[],"class_list":["post-4911","post","type-post","status-publish","format-standard","hentry","category-tagebuch"],"_links":{"self":[{"href":"http:\/\/ewig.es\/index.php\/wp-json\/wp\/v2\/posts\/4911","targetHints":{"allow":["GET"]}}],"collection":[{"href":"http:\/\/ewig.es\/index.php\/wp-json\/wp\/v2\/posts"}],"about":[{"href":"http:\/\/ewig.es\/index.php\/wp-json\/wp\/v2\/types\/post"}],"author":[{"embeddable":true,"href":"http:\/\/ewig.es\/index.php\/wp-json\/wp\/v2\/users\/1"}],"replies":[{"embeddable":true,"href":"http:\/\/ewig.es\/index.php\/wp-json\/wp\/v2\/comments?post=4911"}],"version-history":[{"count":3,"href":"http:\/\/ewig.es\/index.php\/wp-json\/wp\/v2\/posts\/4911\/revisions"}],"predecessor-version":[{"id":4914,"href":"http:\/\/ewig.es\/index.php\/wp-json\/wp\/v2\/posts\/4911\/revisions\/4914"}],"wp:attachment":[{"href":"http:\/\/ewig.es\/index.php\/wp-json\/wp\/v2\/media?parent=4911"}],"wp:term":[{"taxonomy":"category","embeddable":true,"href":"http:\/\/ewig.es\/index.php\/wp-json\/wp\/v2\/categories?post=4911"},{"taxonomy":"post_tag","embeddable":true,"href":"http:\/\/ewig.es\/index.php\/wp-json\/wp\/v2\/tags?post=4911"}],"curies":[{"name":"wp","href":"https:\/\/api.w.org\/{rel}","templated":true}]}}