{"id":4935,"date":"2022-10-09T15:20:38","date_gmt":"2022-10-09T13:20:38","guid":{"rendered":"http:\/\/ewig.es\/?p=4935"},"modified":"2022-10-09T15:20:38","modified_gmt":"2022-10-09T13:20:38","slug":"nach-der-regenperiode","status":"publish","type":"post","link":"http:\/\/ewig.es\/index.php\/2022\/10\/09\/nach-der-regenperiode\/","title":{"rendered":"Nach der Regenperiode"},"content":{"rendered":"\n<p class=\"wp-block-paragraph\">habe ich Unmengen frischer Brennnesseln.<\/p>\n\n\n\n<p class=\"wp-block-paragraph\">Heute radelte ich nach Fayl, holte Merguez, machte dazu Zwiebeln, Sahne und viele Brennnesseln. <\/p>\n\n\n\n<p class=\"wp-block-paragraph\">Ich holte zudem Latex-Handschuhe, denn das Kleinschneiden der Brennnesseln geht so schmerzfrei.<\/p>\n\n\n\n<p class=\"wp-block-paragraph\">Ich hatte eine Zeit die Brennnesseln abgesetzt, aber nun so viel frisches Brennnesselgem\u00fcse im Garten, dass es Bl\u00f6dsinn w\u00e4re, Gem\u00fcse zu kaufen. \ud83d\ude42<\/p>\n\n\n\n<p class=\"wp-block-paragraph\">NAOO rechnet mit einem rekordmilden Winter in Europa. Nach diesem Sommer, der schon so festgefahren war, und all den Meldungen \u00fcber eine ungewohnt rasante Weiterentwicklung des Klimawandels, sind \u00dcberraschungen wahrscheinlich.<\/p>\n\n\n\n<p class=\"wp-block-paragraph\">Und ich k\u00f6nnte mir gut vorstellen, dass es nur eine kurze Zeit, wenn \u00fcberhaupt, keine frischen Brennnesseln im Winter gibt. Die wachsen einfach nur langsamer, da sie weniger Licht bekommen.<\/p>\n\n\n\n<p class=\"wp-block-paragraph\">Und es w\u00e4re einfach nur eine Wette. Ich \u00fcberlege, ob ich nochmals Gem\u00fcse pflanze, das leichten Frost vertr\u00e4gt.<\/p>\n\n\n\n<p class=\"wp-block-paragraph\">Vielleicht erleben wir ja zum ersten Mal einen Winter, der gar keiner mehr ist. So ein ganzer Totalausfall. Und den ganzen Winter gibt es frisches Gem\u00fcse, das zwar sehr langsam w\u00e4chst, aber &#8222;besser als nichts&#8220;.<\/p>\n\n\n\n<p class=\"wp-block-paragraph\">Angeblich wird in Frankreich der Sprit knapp, Streiks und &#8222;was wei\u00df ich alle&#8220;, aber ich habe schon lange nicht mehr getankt, da ich mit dem Fahrrad Einkaufen gehe. <\/p>\n\n\n\n<p class=\"wp-block-paragraph\">Ich sehe hier auch immer mehr SUVs. Und dann frage ich mich eh, was so in den K\u00f6pfen f\u00fcr Ideen kreisen. Jeder, der auf dem Land wohnt, denkt, er br\u00e4uchte einen Panzer.<\/p>\n\n\n\n<p class=\"wp-block-paragraph\">Zugegeben, nach einer st\u00fcrmischer Nacht liegen hier gerne im Wald B\u00e4ume auf der Stra\u00dfe. Und wer mit dem Auto kommt, muss umdrehen, s\u00e4gen oder warten, bis jemand mit einer S\u00e4ge kommt.<\/p>\n\n\n\n<p class=\"wp-block-paragraph\">Das Rad habt Mann einfach dr\u00fcber. Mit dem Fahrrad kommt man noch lange weiter, streckt der SUV alle vier R\u00e4der in die Luft und liegt auf dem Dach.<\/p>\n\n\n\n<p class=\"wp-block-paragraph\">Aber es geht mich auch nichts an. Und dann der Schock an der Tankstelle. Ich schaue gerne Youtubes zum Thema, da mich Wahn aller Art interessiert &#8211; ist ja auch lustig, was den Menschen so einf\u00e4llt \ud83d\ude42 -.<\/p>\n<div class=\"clearfix\"><span class='ldc-ul_cont' onclick=\"alter_ul_post_values(this,'4935','like')\" >gef\u00e4llt mir<img decoding=\"async\" src=\"http:\/\/ewig.es\/wordpress\/wp-content\/plugins\/like-dislike-counter-for-posts-pages-and-comments\/images\/up.png\" \/>(<span>2<\/span>)<\/span><span class='ldc-ul_cont' onclick=\"alter_ul_post_values(this,'4935','dislike')\" ><img decoding=\"async\" src=\"http:\/\/ewig.es\/wordpress\/wp-content\/plugins\/like-dislike-counter-for-posts-pages-and-comments\/images\/down.png\" \/>(<span>0<\/span>)<\/span><\/div>","protected":false},"excerpt":{"rendered":"<p>habe ich Unmengen frischer Brennnesseln. Heute radelte ich nach Fayl, holte Merguez, machte dazu Zwiebeln, Sahne und viele Brennnesseln. Ich holte zudem Latex-Handschuhe, denn das Kleinschneiden der Brennnesseln geht so schmerzfrei. Ich hatte eine Zeit die Brennnesseln abgesetzt, aber nun so viel frisches Brennnesselgem\u00fcse im Garten, dass es Bl\u00f6dsinn w\u00e4re, Gem\u00fcse zu kaufen. \ud83d\ude42 NAOO &hellip; <a href=\"http:\/\/ewig.es\/index.php\/2022\/10\/09\/nach-der-regenperiode\/\" class=\"more-link\"><span class=\"screen-reader-text\">\u201eNach der Regenperiode\u201c<\/span> weiterlesen<\/a><\/p>\n","protected":false},"author":1,"featured_media":0,"comment_status":"open","ping_status":"closed","sticky":false,"template":"","format":"standard","meta":{"footnotes":""},"categories":[1],"tags":[],"class_list":["post-4935","post","type-post","status-publish","format-standard","hentry","category-tagebuch"],"_links":{"self":[{"href":"http:\/\/ewig.es\/index.php\/wp-json\/wp\/v2\/posts\/4935","targetHints":{"allow":["GET"]}}],"collection":[{"href":"http:\/\/ewig.es\/index.php\/wp-json\/wp\/v2\/posts"}],"about":[{"href":"http:\/\/ewig.es\/index.php\/wp-json\/wp\/v2\/types\/post"}],"author":[{"embeddable":true,"href":"http:\/\/ewig.es\/index.php\/wp-json\/wp\/v2\/users\/1"}],"replies":[{"embeddable":true,"href":"http:\/\/ewig.es\/index.php\/wp-json\/wp\/v2\/comments?post=4935"}],"version-history":[{"count":1,"href":"http:\/\/ewig.es\/index.php\/wp-json\/wp\/v2\/posts\/4935\/revisions"}],"predecessor-version":[{"id":4936,"href":"http:\/\/ewig.es\/index.php\/wp-json\/wp\/v2\/posts\/4935\/revisions\/4936"}],"wp:attachment":[{"href":"http:\/\/ewig.es\/index.php\/wp-json\/wp\/v2\/media?parent=4935"}],"wp:term":[{"taxonomy":"category","embeddable":true,"href":"http:\/\/ewig.es\/index.php\/wp-json\/wp\/v2\/categories?post=4935"},{"taxonomy":"post_tag","embeddable":true,"href":"http:\/\/ewig.es\/index.php\/wp-json\/wp\/v2\/tags?post=4935"}],"curies":[{"name":"wp","href":"https:\/\/api.w.org\/{rel}","templated":true}]}}