{"id":4970,"date":"2022-10-13T12:56:12","date_gmt":"2022-10-13T10:56:12","guid":{"rendered":"http:\/\/ewig.es\/?p=4970"},"modified":"2022-10-13T12:56:12","modified_gmt":"2022-10-13T10:56:12","slug":"ich-radelte-nach-fayl","status":"publish","type":"post","link":"http:\/\/ewig.es\/index.php\/2022\/10\/13\/ich-radelte-nach-fayl\/","title":{"rendered":"Ich radelte nach Fayl,"},"content":{"rendered":"\n<p class=\"wp-block-paragraph\">um Speck zu kaufen. An keiner Tankstelle gibt es mehr Sprit. Wenig Verkehr auf den gr\u00f6\u00dferen Stra\u00dfen, aber mehr als sonst auf den kleinen Wegen, warum auch immer.<\/p>\n\n\n\n<p class=\"wp-block-paragraph\">Hochnebel, bedeckt, aber nicht zu kalt.<\/p>\n\n\n\n<p class=\"wp-block-paragraph\">Auf dem R\u00fcckweg fand ich nicht nur gen\u00fcgend Todestrompeten f\u00fcr das Mittagessen, sondern habe wieder einen Schwung zum Trocknen auf den Ofen gelegt. <\/p>\n\n\n\n<p class=\"wp-block-paragraph\">Nach dem Essen sollst du ruhn, oder tausend Schritte tun. Die tausend Schritte habe ich hinter mir, also bleibt noch erstere Alternative. \ud83d\ude42<\/p>\n\n\n\n<p class=\"wp-block-paragraph\"><\/p>\n<div class=\"clearfix\"><span class='ldc-ul_cont' onclick=\"alter_ul_post_values(this,'4970','like')\" >gef\u00e4llt mir<img decoding=\"async\" src=\"http:\/\/ewig.es\/wordpress\/wp-content\/plugins\/like-dislike-counter-for-posts-pages-and-comments\/images\/up.png\" \/>(<span>3<\/span>)<\/span><span class='ldc-ul_cont' onclick=\"alter_ul_post_values(this,'4970','dislike')\" ><img decoding=\"async\" src=\"http:\/\/ewig.es\/wordpress\/wp-content\/plugins\/like-dislike-counter-for-posts-pages-and-comments\/images\/down.png\" \/>(<span>0<\/span>)<\/span><\/div>","protected":false},"excerpt":{"rendered":"<p>um Speck zu kaufen. An keiner Tankstelle gibt es mehr Sprit. Wenig Verkehr auf den gr\u00f6\u00dferen Stra\u00dfen, aber mehr als sonst auf den kleinen Wegen, warum auch immer. Hochnebel, bedeckt, aber nicht zu kalt. Auf dem R\u00fcckweg fand ich nicht nur gen\u00fcgend Todestrompeten f\u00fcr das Mittagessen, sondern habe wieder einen Schwung zum Trocknen auf den &hellip; <a href=\"http:\/\/ewig.es\/index.php\/2022\/10\/13\/ich-radelte-nach-fayl\/\" class=\"more-link\"><span class=\"screen-reader-text\">\u201eIch radelte nach Fayl,\u201c<\/span> weiterlesen<\/a><\/p>\n","protected":false},"author":1,"featured_media":0,"comment_status":"open","ping_status":"closed","sticky":false,"template":"","format":"standard","meta":{"footnotes":""},"categories":[1],"tags":[],"class_list":["post-4970","post","type-post","status-publish","format-standard","hentry","category-tagebuch"],"_links":{"self":[{"href":"http:\/\/ewig.es\/index.php\/wp-json\/wp\/v2\/posts\/4970","targetHints":{"allow":["GET"]}}],"collection":[{"href":"http:\/\/ewig.es\/index.php\/wp-json\/wp\/v2\/posts"}],"about":[{"href":"http:\/\/ewig.es\/index.php\/wp-json\/wp\/v2\/types\/post"}],"author":[{"embeddable":true,"href":"http:\/\/ewig.es\/index.php\/wp-json\/wp\/v2\/users\/1"}],"replies":[{"embeddable":true,"href":"http:\/\/ewig.es\/index.php\/wp-json\/wp\/v2\/comments?post=4970"}],"version-history":[{"count":1,"href":"http:\/\/ewig.es\/index.php\/wp-json\/wp\/v2\/posts\/4970\/revisions"}],"predecessor-version":[{"id":4971,"href":"http:\/\/ewig.es\/index.php\/wp-json\/wp\/v2\/posts\/4970\/revisions\/4971"}],"wp:attachment":[{"href":"http:\/\/ewig.es\/index.php\/wp-json\/wp\/v2\/media?parent=4970"}],"wp:term":[{"taxonomy":"category","embeddable":true,"href":"http:\/\/ewig.es\/index.php\/wp-json\/wp\/v2\/categories?post=4970"},{"taxonomy":"post_tag","embeddable":true,"href":"http:\/\/ewig.es\/index.php\/wp-json\/wp\/v2\/tags?post=4970"}],"curies":[{"name":"wp","href":"https:\/\/api.w.org\/{rel}","templated":true}]}}