{"id":4972,"date":"2022-10-13T17:28:28","date_gmt":"2022-10-13T15:28:28","guid":{"rendered":"http:\/\/ewig.es\/?p=4972"},"modified":"2022-10-13T17:33:42","modified_gmt":"2022-10-13T15:33:42","slug":"ich-halte-einen-atomkrieg-fuer-unwahrscheinlich","status":"publish","type":"post","link":"http:\/\/ewig.es\/index.php\/2022\/10\/13\/ich-halte-einen-atomkrieg-fuer-unwahrscheinlich\/","title":{"rendered":"Ich halte einen Atomkrieg f\u00fcr unwahrscheinlich."},"content":{"rendered":"\n<p class=\"wp-block-paragraph\">Und k\u00e4me es zu einem solchen, ist die gute Frage, ob es \u00fcberhaupt m\u00f6glich oder sinnvoll ist, nicht verseuchtes Gebiet zu erreichen.<\/p>\n\n\n\n<p class=\"wp-block-paragraph\">Seit der Fl\u00fcchtlingskrise interessierte mich das Thema &#8222;Flucht&#8220;, was mit eine Anregung zu meiner Radtour war.<\/p>\n\n\n\n<p class=\"wp-block-paragraph\">Es braucht nicht viel Fantasie, um sich das Chaos vorzustellen, was sich entwickelt, brechen ganze Regionen zu einer Flucht auf, bzw. die \u00dcberlebenden.<\/p>\n\n\n\n<p class=\"wp-block-paragraph\">Und gerade zitterte das ganze Haus, da ein D\u00fcsenj\u00e4ger die Schallmauer durchbrach.<\/p>\n\n\n\n<p class=\"wp-block-paragraph\">Wie ich es auch durchspiele, es bleibt zuletzt nur &#8222;Schusters Rappen&#8220; oder das Mountainbike, m\u00f6glichst abseits und querfeldein, mit Karte und Kompass (und wohl ohne Smartphone) durch die Natur. <\/p>\n\n\n\n<p class=\"wp-block-paragraph\">Nur, welchen Rappen (Fahrrad) w\u00e4hle ich?<\/p>\n\n\n\n<p class=\"wp-block-paragraph\">Derzeit w\u00fcrde ich auf das Tonik setzen, alte Technik, leicht, einfach zu reparieren. Und als Bereifung Gravelreifen.<\/p>\n\n\n\n<p class=\"wp-block-paragraph\">Das Gep\u00e4ck w\u00fcrde ich splitten, einen Teil in einen Rucksack, einen Teil aufs Rad, denn wom\u00f6glich muss ich das Rad aufgeben und dann zu Fu\u00df (Rucksack) weiter. Oder ich muss das Rad tragen (Bergpfade). <\/p>\n\n\n\n<p class=\"wp-block-paragraph\">M\u00fcsste ich von hier zum Beispiel Richtung Afrika, m\u00fcsste ich mich durch Zentralfrankreich (Massiv Central), Pyren\u00e4en und das fast menschenleere Zentralspanien mit seinen vielen Bergen k\u00e4mpfen.<\/p>\n\n\n\n<p class=\"wp-block-paragraph\">Da das also nur sehr sportlich funktionieren k\u00f6nnte, wenn \u00fcberhaupt, darf das Gep\u00e4ck nicht viel wiegen, aber muss auch tauglich sein, um im Gebirge zu \u00fcberleben. <\/p>\n\n\n\n<p class=\"wp-block-paragraph\">Ich m\u00f6chte die n\u00e4chste Zeit einmal eine Packliste f\u00fcr das &#8222;Atomkrieg-Fluchtfahrzeug&#8220; \u00fcberlegen, packen und ausprobieren. Rad und Gep\u00e4ck (ohne Wasser) sollten nicht viel mehr als 20 kg wiegen, muss ich damit wom\u00f6glich noch \u00fcber steile Pfade \u00fcber unz\u00e4hlige Berge.<\/p>\n\n\n\n<p class=\"wp-block-paragraph\">Zudem muss ich schauen, verseuchte Gebiete m\u00f6glichst schnell zu durchqueren, brauche wom\u00f6glich eine Schutzmaske und einen Wasserfilter.<\/p>\n\n\n\n<p class=\"wp-block-paragraph\">Und m\u00fcsste man nach Afrika \u00fcbersetzen, wird es nochmals etwas anspruchsvoller.<\/p>\n\n\n\n<p class=\"wp-block-paragraph\">Am besten ist wohl, man trainiert erst einmal f\u00fcr einen Iron-Man, denn irgendwer muss auch den Motor f\u00fcr das Fluchtfahrzeug spielen. \ud83d\ude42<\/p>\n\n\n\n<p class=\"wp-block-paragraph\">Und nach dem vielen Wasser im Mittelmeer steht wom\u00f6glich die Durchquerung der Sahara an. Und dann steht man in Afrika und schaut dumm aus der W\u00e4sche.<\/p>\n\n\n\n<p class=\"wp-block-paragraph\"><\/p>\n<div class=\"clearfix\"><span class='ldc-ul_cont' onclick=\"alter_ul_post_values(this,'4972','like')\" >gef\u00e4llt mir<img decoding=\"async\" src=\"http:\/\/ewig.es\/wordpress\/wp-content\/plugins\/like-dislike-counter-for-posts-pages-and-comments\/images\/up.png\" \/>(<span>1<\/span>)<\/span><span class='ldc-ul_cont' onclick=\"alter_ul_post_values(this,'4972','dislike')\" ><img decoding=\"async\" src=\"http:\/\/ewig.es\/wordpress\/wp-content\/plugins\/like-dislike-counter-for-posts-pages-and-comments\/images\/down.png\" \/>(<span>0<\/span>)<\/span><\/div>","protected":false},"excerpt":{"rendered":"<p>Und k\u00e4me es zu einem solchen, ist die gute Frage, ob es \u00fcberhaupt m\u00f6glich oder sinnvoll ist, nicht verseuchtes Gebiet zu erreichen. Seit der Fl\u00fcchtlingskrise interessierte mich das Thema &#8222;Flucht&#8220;, was mit eine Anregung zu meiner Radtour war. Es braucht nicht viel Fantasie, um sich das Chaos vorzustellen, was sich entwickelt, brechen ganze Regionen zu &hellip; <a href=\"http:\/\/ewig.es\/index.php\/2022\/10\/13\/ich-halte-einen-atomkrieg-fuer-unwahrscheinlich\/\" class=\"more-link\"><span class=\"screen-reader-text\">\u201eIch halte einen Atomkrieg f\u00fcr unwahrscheinlich.\u201c<\/span> weiterlesen<\/a><\/p>\n","protected":false},"author":1,"featured_media":0,"comment_status":"open","ping_status":"closed","sticky":false,"template":"","format":"standard","meta":{"footnotes":""},"categories":[1],"tags":[],"class_list":["post-4972","post","type-post","status-publish","format-standard","hentry","category-tagebuch"],"_links":{"self":[{"href":"http:\/\/ewig.es\/index.php\/wp-json\/wp\/v2\/posts\/4972","targetHints":{"allow":["GET"]}}],"collection":[{"href":"http:\/\/ewig.es\/index.php\/wp-json\/wp\/v2\/posts"}],"about":[{"href":"http:\/\/ewig.es\/index.php\/wp-json\/wp\/v2\/types\/post"}],"author":[{"embeddable":true,"href":"http:\/\/ewig.es\/index.php\/wp-json\/wp\/v2\/users\/1"}],"replies":[{"embeddable":true,"href":"http:\/\/ewig.es\/index.php\/wp-json\/wp\/v2\/comments?post=4972"}],"version-history":[{"count":2,"href":"http:\/\/ewig.es\/index.php\/wp-json\/wp\/v2\/posts\/4972\/revisions"}],"predecessor-version":[{"id":4974,"href":"http:\/\/ewig.es\/index.php\/wp-json\/wp\/v2\/posts\/4972\/revisions\/4974"}],"wp:attachment":[{"href":"http:\/\/ewig.es\/index.php\/wp-json\/wp\/v2\/media?parent=4972"}],"wp:term":[{"taxonomy":"category","embeddable":true,"href":"http:\/\/ewig.es\/index.php\/wp-json\/wp\/v2\/categories?post=4972"},{"taxonomy":"post_tag","embeddable":true,"href":"http:\/\/ewig.es\/index.php\/wp-json\/wp\/v2\/tags?post=4972"}],"curies":[{"name":"wp","href":"https:\/\/api.w.org\/{rel}","templated":true}]}}