{"id":5010,"date":"2022-10-16T19:36:30","date_gmt":"2022-10-16T17:36:30","guid":{"rendered":"http:\/\/ewig.es\/?p=5010"},"modified":"2022-10-16T19:38:03","modified_gmt":"2022-10-16T17:38:03","slug":"sai-sesmlasch","status":"publish","type":"post","link":"http:\/\/ewig.es\/index.php\/2022\/10\/16\/sai-sesmlasch\/","title":{"rendered":"Sai Sesmlasch"},"content":{"rendered":"\n<p class=\"wp-block-paragraph\">Es f\u00e4llt mir durchaus schwer, Sai Sesmlasch zu verstehen, aber eine seiner Ank\u00fcndigungen (aus einem Traum)  hat sich als richtig erwiesen. Und ich will  nicht sagen, welche.<\/p>\n\n\n\n<p class=\"wp-block-paragraph\">Nach Buddha befinden wir uns in einer &#8222;Mittleren Welt&#8220; (in der Potenzialit\u00e4t des Selbst), nach Sai Sesmlasch hat diese Welt den Zenit Richtung einer H\u00f6lle \u00fcberschritten.<\/p>\n\n\n\n<p class=\"wp-block-paragraph\">Einen echten Vergleich haben wir eh nicht, so lasse ich es bei der Wertung dieser Stimmen, jedoch hat mich die Sichtweise Sai Sesmlaschs auf diese Welt die letzten Jahre stark beeinflusst.<\/p>\n\n\n\n<p class=\"wp-block-paragraph\">Und es ist mir klarer geworden, warum Sai Sesmlasch das so sieht und dass seine Sichtweise berechtigt ist.<\/p>\n\n\n\n<p class=\"wp-block-paragraph\">Und wie bei der Klimaerw\u00e4rmung gib es wohl Kipppunkte, also selbstverst\u00e4rkende Effekte, in welche Richtung eine Welt kippt, zum Lusttraum (Himmel) oder zum Alptraum (H\u00f6lle).<\/p>\n\n\n\n<p class=\"wp-block-paragraph\">Aber seine Lektion (pers\u00f6nlich an mich) kreiste wohl eher darum, wie man in einer H\u00f6lle (sozialem Alptraum) &#8222;\u00fcberlebt&#8220;&#8230; also &#8222;sich bewegt&#8220;.<\/p>\n\n\n\n<p class=\"wp-block-paragraph\">Darin war dieses &#8222;Alter Ego aus der H\u00f6lle&#8220; f\u00fcr mich pers\u00f6nlich hilfreich.<\/p>\n<div class=\"clearfix\"><span class='ldc-ul_cont' onclick=\"alter_ul_post_values(this,'5010','like')\" >gef\u00e4llt mir<img decoding=\"async\" src=\"http:\/\/ewig.es\/wordpress\/wp-content\/plugins\/like-dislike-counter-for-posts-pages-and-comments\/images\/up.png\" \/>(<span>2<\/span>)<\/span><span class='ldc-ul_cont' onclick=\"alter_ul_post_values(this,'5010','dislike')\" ><img decoding=\"async\" src=\"http:\/\/ewig.es\/wordpress\/wp-content\/plugins\/like-dislike-counter-for-posts-pages-and-comments\/images\/down.png\" \/>(<span>0<\/span>)<\/span><\/div>","protected":false},"excerpt":{"rendered":"<p>Es f\u00e4llt mir durchaus schwer, Sai Sesmlasch zu verstehen, aber eine seiner Ank\u00fcndigungen (aus einem Traum) hat sich als richtig erwiesen. Und ich will nicht sagen, welche. Nach Buddha befinden wir uns in einer &#8222;Mittleren Welt&#8220; (in der Potenzialit\u00e4t des Selbst), nach Sai Sesmlasch hat diese Welt den Zenit Richtung einer H\u00f6lle \u00fcberschritten. Einen echten &hellip; <a href=\"http:\/\/ewig.es\/index.php\/2022\/10\/16\/sai-sesmlasch\/\" class=\"more-link\"><span class=\"screen-reader-text\">\u201eSai Sesmlasch\u201c<\/span> weiterlesen<\/a><\/p>\n","protected":false},"author":1,"featured_media":0,"comment_status":"open","ping_status":"closed","sticky":false,"template":"","format":"standard","meta":{"footnotes":""},"categories":[1],"tags":[],"class_list":["post-5010","post","type-post","status-publish","format-standard","hentry","category-tagebuch"],"_links":{"self":[{"href":"http:\/\/ewig.es\/index.php\/wp-json\/wp\/v2\/posts\/5010","targetHints":{"allow":["GET"]}}],"collection":[{"href":"http:\/\/ewig.es\/index.php\/wp-json\/wp\/v2\/posts"}],"about":[{"href":"http:\/\/ewig.es\/index.php\/wp-json\/wp\/v2\/types\/post"}],"author":[{"embeddable":true,"href":"http:\/\/ewig.es\/index.php\/wp-json\/wp\/v2\/users\/1"}],"replies":[{"embeddable":true,"href":"http:\/\/ewig.es\/index.php\/wp-json\/wp\/v2\/comments?post=5010"}],"version-history":[{"count":2,"href":"http:\/\/ewig.es\/index.php\/wp-json\/wp\/v2\/posts\/5010\/revisions"}],"predecessor-version":[{"id":5012,"href":"http:\/\/ewig.es\/index.php\/wp-json\/wp\/v2\/posts\/5010\/revisions\/5012"}],"wp:attachment":[{"href":"http:\/\/ewig.es\/index.php\/wp-json\/wp\/v2\/media?parent=5010"}],"wp:term":[{"taxonomy":"category","embeddable":true,"href":"http:\/\/ewig.es\/index.php\/wp-json\/wp\/v2\/categories?post=5010"},{"taxonomy":"post_tag","embeddable":true,"href":"http:\/\/ewig.es\/index.php\/wp-json\/wp\/v2\/tags?post=5010"}],"curies":[{"name":"wp","href":"https:\/\/api.w.org\/{rel}","templated":true}]}}