{"id":5017,"date":"2022-10-17T19:21:56","date_gmt":"2022-10-17T17:21:56","guid":{"rendered":"http:\/\/ewig.es\/?p=5017"},"modified":"2022-10-17T19:25:55","modified_gmt":"2022-10-17T17:25:55","slug":"der-mensch","status":"publish","type":"post","link":"http:\/\/ewig.es\/index.php\/2022\/10\/17\/der-mensch\/","title":{"rendered":"Der Mensch"},"content":{"rendered":"\n<p class=\"wp-block-paragraph\">glaubt eben am liebsten, was er glauben will- Und dieses &#8222;will&#8220; hat weit mehr emotionale als intellektuelle Beweggr\u00fcnde. So wirkt auch die oder der, die oder der das verk\u00fcndet, was ich gerne h\u00f6ren w\u00fcrde, wie ein Erl\u00f6ser.<\/p>\n\n\n\n<p class=\"wp-block-paragraph\">Ich sah gerade ein YouTube eines Interviews auf Fox (USA) in dem ein Wissenschaftler behauptete, das sei alles nicht wahr, betreffend Klimawandel, und studierte die Kommentare.<\/p>\n\n\n\n<p class=\"wp-block-paragraph\">&#8222;Ich will aber, dass es so und so ist.&#8220; Und wer einem wenigstens die Illusion (wider besseres Wissen) erhalten vermag, sei der Erl\u00f6ser. \ud83d\ude42<\/p>\n\n\n\n<p class=\"wp-block-paragraph\">Was mich immer wieder fasziniert, ist die Tatsache (relativ gesehen), dass der geschehende Moment, genau so, wie er geschieht, aus vielen Milliarden Jahren Geschehen hervorgeht.<\/p>\n\n\n\n<p class=\"wp-block-paragraph\">Warum es so geschieht, wie es geschieht, einschlie\u00dflich des Geschehens meiner selbst, ist auf einem Mistberg gewachsen, in dem es seit Jahrmilliarden g\u00e4rt.<\/p>\n\n\n\n<p class=\"wp-block-paragraph\">Und der hat dann den &#8222;Tobi&#8220; ausgespuckt, als eine seiner Mikroben, mit der Aufgabe, sie hier Gedanken zu machen, wie es so weit kommen konnte?<\/p>\n\n\n\n<p class=\"wp-block-paragraph\">Ich versuche das gar nicht aufzukl\u00e4ren, denn hoffnungslose F\u00e4lle l\u00e4sst man am besten ruhen: &#8222;Wie kam es zu mir selbst?&#8220; <\/p>\n\n\n\n<p class=\"wp-block-paragraph\">Praktisch am Menschen ist, dass er auch funktioniert, ohne dass er das wei\u00df.<\/p>\n\n\n\n<p class=\"wp-block-paragraph\">Das ist ja auch so mit pers\u00f6nlichen F\u00e4higkeiten, Unf\u00e4higkeiten, Vorlieben. Woher kommen die? Eine schier endlose Geschichte. Schulterzucken.<\/p>\n\n\n\n<p class=\"wp-block-paragraph\">&#8222;Warum bin ich der, der ich bin?&#8220; Jahrmilliarden wurde an mir &#8222;herum-gev\u00f6gelt&#8220; (humoristisch gemeint). Und dabei ging es meist nicht sehr rational zu, das nahm verschlungene Pfade.<\/p>\n\n\n\n<p class=\"wp-block-paragraph\">Und das ist das Ergebnis, zu dem ich pers\u00f6nlich wenig beigetragen habe, aber als Zwischenergebnis existiere. \ud83d\ude42<\/p>\n\n\n\n<p class=\"wp-block-paragraph\">Wo soll ich mich nun beschweren? Alle Schuldigen schon lange tot. <\/p>\n<div class=\"clearfix\"><span class='ldc-ul_cont' onclick=\"alter_ul_post_values(this,'5017','like')\" >gef\u00e4llt mir<img decoding=\"async\" src=\"http:\/\/ewig.es\/wordpress\/wp-content\/plugins\/like-dislike-counter-for-posts-pages-and-comments\/images\/up.png\" \/>(<span>4<\/span>)<\/span><span class='ldc-ul_cont' onclick=\"alter_ul_post_values(this,'5017','dislike')\" ><img decoding=\"async\" src=\"http:\/\/ewig.es\/wordpress\/wp-content\/plugins\/like-dislike-counter-for-posts-pages-and-comments\/images\/down.png\" \/>(<span>0<\/span>)<\/span><\/div>","protected":false},"excerpt":{"rendered":"<p>glaubt eben am liebsten, was er glauben will- Und dieses &#8222;will&#8220; hat weit mehr emotionale als intellektuelle Beweggr\u00fcnde. So wirkt auch die oder der, die oder der das verk\u00fcndet, was ich gerne h\u00f6ren w\u00fcrde, wie ein Erl\u00f6ser. Ich sah gerade ein YouTube eines Interviews auf Fox (USA) in dem ein Wissenschaftler behauptete, das sei alles &hellip; <a href=\"http:\/\/ewig.es\/index.php\/2022\/10\/17\/der-mensch\/\" class=\"more-link\"><span class=\"screen-reader-text\">\u201eDer Mensch\u201c<\/span> weiterlesen<\/a><\/p>\n","protected":false},"author":1,"featured_media":0,"comment_status":"open","ping_status":"closed","sticky":false,"template":"","format":"standard","meta":{"footnotes":""},"categories":[1],"tags":[],"class_list":["post-5017","post","type-post","status-publish","format-standard","hentry","category-tagebuch"],"_links":{"self":[{"href":"http:\/\/ewig.es\/index.php\/wp-json\/wp\/v2\/posts\/5017","targetHints":{"allow":["GET"]}}],"collection":[{"href":"http:\/\/ewig.es\/index.php\/wp-json\/wp\/v2\/posts"}],"about":[{"href":"http:\/\/ewig.es\/index.php\/wp-json\/wp\/v2\/types\/post"}],"author":[{"embeddable":true,"href":"http:\/\/ewig.es\/index.php\/wp-json\/wp\/v2\/users\/1"}],"replies":[{"embeddable":true,"href":"http:\/\/ewig.es\/index.php\/wp-json\/wp\/v2\/comments?post=5017"}],"version-history":[{"count":3,"href":"http:\/\/ewig.es\/index.php\/wp-json\/wp\/v2\/posts\/5017\/revisions"}],"predecessor-version":[{"id":5020,"href":"http:\/\/ewig.es\/index.php\/wp-json\/wp\/v2\/posts\/5017\/revisions\/5020"}],"wp:attachment":[{"href":"http:\/\/ewig.es\/index.php\/wp-json\/wp\/v2\/media?parent=5017"}],"wp:term":[{"taxonomy":"category","embeddable":true,"href":"http:\/\/ewig.es\/index.php\/wp-json\/wp\/v2\/categories?post=5017"},{"taxonomy":"post_tag","embeddable":true,"href":"http:\/\/ewig.es\/index.php\/wp-json\/wp\/v2\/tags?post=5017"}],"curies":[{"name":"wp","href":"https:\/\/api.w.org\/{rel}","templated":true}]}}