{"id":5023,"date":"2022-10-18T17:58:18","date_gmt":"2022-10-18T15:58:18","guid":{"rendered":"http:\/\/ewig.es\/?p=5023"},"modified":"2022-10-18T17:58:18","modified_gmt":"2022-10-18T15:58:18","slug":"was-fuer-ein-wetterchen","status":"publish","type":"post","link":"http:\/\/ewig.es\/index.php\/2022\/10\/18\/was-fuer-ein-wetterchen\/","title":{"rendered":"Was f\u00fcr ein Wetterchen"},"content":{"rendered":"\n<p class=\"wp-block-paragraph\">Ich traf C., die im Garten sa\u00df. Und sie meinte: &#8222;Das Wetter macht mir Angst.&#8220; Ich: &#8222;Warum?&#8220; Sie: &#8222;Weil es nicht mehr normal ist.&#8220;<\/p>\n\n\n\n<p class=\"wp-block-paragraph\">Und ich merkte, dass ich mit T-Shirt und Windjacke etwas zu dick angezogen bin, um sinnlos durch die Gegend zu radeln und sinnlos Sprit (in dem Falle Fett) zu verbrennen. \ud83d\ude42<\/p>\n\n\n\n<p class=\"wp-block-paragraph\">An einer Tankstelle in Fayl gibt es wieder Sprit, aber es ist ein wenig Lotterie, welche Sorten gerade verf\u00fcgbar sind.<\/p>\n\n\n\n<p class=\"wp-block-paragraph\">Eines habe ich die letzten Tage gelernt: \u00dcber Sprit darf ich keine Witze machen. Das ber\u00fchrt das Nervensystem des homo automobiliensis zu provokant. <\/p>\n\n\n\n<p class=\"wp-block-paragraph\">Gestern bekam ich von Jean-Louis Sand, denn ich will nun die Mauerabdeckung (Balkon) am Anbau sanieren. Ich habe ja noch genug 60 cm -Fliesen. Erst muss ich aber alles mit M\u00f6rtel auff\u00fcllen und dabei will ich gleich den Schrott aus der Scheune mit einbetonieren, als Armierung. Noch ein Hasengitter mit rein, damit er nicht rei\u00dft. Dann die Fliesen. <\/p>\n\n\n\n<p class=\"wp-block-paragraph\">Das Holz f\u00fcr die Terrasse habe ich auch zusammen. Und die alten Dielen will ich trocknen und als Verkleidung f\u00fcr die geplante H\u00fctte einlagern.<\/p>\n\n\n\n<p class=\"wp-block-paragraph\"><\/p>\n\n\n\n<p class=\"wp-block-paragraph\"><\/p>\n\n\n\n<p class=\"wp-block-paragraph\"><\/p>\n<div class=\"clearfix\"><span class='ldc-ul_cont' onclick=\"alter_ul_post_values(this,'5023','like')\" >gef\u00e4llt mir<img decoding=\"async\" src=\"http:\/\/ewig.es\/wordpress\/wp-content\/plugins\/like-dislike-counter-for-posts-pages-and-comments\/images\/up.png\" \/>(<span>2<\/span>)<\/span><span class='ldc-ul_cont' onclick=\"alter_ul_post_values(this,'5023','dislike')\" ><img decoding=\"async\" src=\"http:\/\/ewig.es\/wordpress\/wp-content\/plugins\/like-dislike-counter-for-posts-pages-and-comments\/images\/down.png\" \/>(<span>0<\/span>)<\/span><\/div>","protected":false},"excerpt":{"rendered":"<p>Ich traf C., die im Garten sa\u00df. Und sie meinte: &#8222;Das Wetter macht mir Angst.&#8220; Ich: &#8222;Warum?&#8220; Sie: &#8222;Weil es nicht mehr normal ist.&#8220; Und ich merkte, dass ich mit T-Shirt und Windjacke etwas zu dick angezogen bin, um sinnlos durch die Gegend zu radeln und sinnlos Sprit (in dem Falle Fett) zu verbrennen. \ud83d\ude42 &hellip; <a href=\"http:\/\/ewig.es\/index.php\/2022\/10\/18\/was-fuer-ein-wetterchen\/\" class=\"more-link\"><span class=\"screen-reader-text\">\u201eWas f\u00fcr ein Wetterchen\u201c<\/span> weiterlesen<\/a><\/p>\n","protected":false},"author":1,"featured_media":0,"comment_status":"open","ping_status":"closed","sticky":false,"template":"","format":"standard","meta":{"footnotes":""},"categories":[1],"tags":[],"class_list":["post-5023","post","type-post","status-publish","format-standard","hentry","category-tagebuch"],"_links":{"self":[{"href":"http:\/\/ewig.es\/index.php\/wp-json\/wp\/v2\/posts\/5023","targetHints":{"allow":["GET"]}}],"collection":[{"href":"http:\/\/ewig.es\/index.php\/wp-json\/wp\/v2\/posts"}],"about":[{"href":"http:\/\/ewig.es\/index.php\/wp-json\/wp\/v2\/types\/post"}],"author":[{"embeddable":true,"href":"http:\/\/ewig.es\/index.php\/wp-json\/wp\/v2\/users\/1"}],"replies":[{"embeddable":true,"href":"http:\/\/ewig.es\/index.php\/wp-json\/wp\/v2\/comments?post=5023"}],"version-history":[{"count":1,"href":"http:\/\/ewig.es\/index.php\/wp-json\/wp\/v2\/posts\/5023\/revisions"}],"predecessor-version":[{"id":5024,"href":"http:\/\/ewig.es\/index.php\/wp-json\/wp\/v2\/posts\/5023\/revisions\/5024"}],"wp:attachment":[{"href":"http:\/\/ewig.es\/index.php\/wp-json\/wp\/v2\/media?parent=5023"}],"wp:term":[{"taxonomy":"category","embeddable":true,"href":"http:\/\/ewig.es\/index.php\/wp-json\/wp\/v2\/categories?post=5023"},{"taxonomy":"post_tag","embeddable":true,"href":"http:\/\/ewig.es\/index.php\/wp-json\/wp\/v2\/tags?post=5023"}],"curies":[{"name":"wp","href":"https:\/\/api.w.org\/{rel}","templated":true}]}}